{"id":592,"date":"2017-10-25T17:49:34","date_gmt":"2017-10-25T15:49:34","guid":{"rendered":"http:\/\/recavaca.com\/?p=592"},"modified":"2018-04-23T16:08:34","modified_gmt":"2018-04-23T14:08:34","slug":"rapport-de-mission-wp-n1","status":"publish","type":"post","link":"https:\/\/recavaca.com\/index.php\/2017\/10\/25\/rapport-de-mission-wp-n1\/","title":{"rendered":"Mission de Christian CILAS en Guadeloupe \u2013 23 au 25 octobre 2017"},"content":{"rendered":"<div id=\"TheTexte\" class=\"Texte\" lang=\"zxx\">\n<p style=\"text-align: justify;\">Christian CILAS, le responsable de la fili\u00e8re cacao du CIRAD, a effectu\u00e9 des visites sur le terrain aupr\u00e8s des producteurs et planteurs de cacao en Guadeloupe et en Ha\u00efti dans le cadre du lancement du projet RECAVACA. La mission a eu lieu en Guadeloupe, du 23 au 25 octobre.<!--more--> Plusieurs parcelles de cacaoyers ont \u00e9t\u00e9 visit\u00e9es, principalement sur le domaine de La Griveli\u00e8re (Vieux Habitants) et sur le domaine de Gwakako (atelier de fabrication de chocolat avec une plantation de 2000 cacaoyers, appartenant au fondateur de la Maison du cacao, \u00e0 Pointe noire). Il \u00e9tait accompagn\u00e9, lors de ces visites par Sarah BHARATH, formatrice en processus post-r\u00e9coltes, de Trinidad, qui \u00e9tait venu en Guadeloupe \u00e0 la m\u00eame p\u00e9riode pour dispenser une formation aupr\u00e8s des transformateurs impliqu\u00e9s dans le projet.<\/p>\n<\/div>\n<p><img loading=\"lazy\" class=\"wp-image-790 size-large aligncenter\" style=\"font-size: 1rem;\" src=\"https:\/\/i0.wp.com\/recavaca.com\/wp-content\/uploads\/2018\/04\/Cilas-Barul-Conzett-Bharath-Griveli\u00e8re-oct.-2017-1024x768.jpg?resize=525%2C394&#038;ssl=1\" alt=\"\" width=\"525\" height=\"394\"  data-recalc-dims=\"1\"><\/p>\n<div id=\"TheTexte\" class=\"Texte\" lang=\"zxx\">\n<p style=\"text-align: justify;\">Mme Myriam CONZETT, la consultante des <em>Ateliers Comp\u00e9tences Internationales<\/em>, qui intervient sur la structuration du projet dans le cadre du commerce \u00e9quitable, accompagnait \u00e9galement la mission.<\/p>\n<p style=\"text-align: justify;\">Suite au passage de l\u2019ouragan Maria, les plantations de cacaoyers de la r\u00e9gion ont subi de nombreux d\u00e9g\u00e2ts.&nbsp; C. CILAS et S. BHARATH recommandent, pour restaurer le potentiel productif des anciens cacaoyers, en particulier ceux qui sont situ\u00e9s sur le domaine de La Griveli\u00e8re, le nettoyage des parcelles et une taille appropri\u00e9e des arbres, notamment pour favoriser la r\u00e9colte \u00e0 la main.<\/p>\n<p style=\"text-align: justify;\">Afin de r\u00e9pondre \u00e0 la demande des chocolatiers de l\u2019ile, qui pour certains sont d\u00e9sireux de transformer du cacao de Guadeloupe, les deux experts recommandent de mener une \u00e9tude sur la diversit\u00e9 g\u00e9n\u00e9tique des cacaoyers de Guadeloupe et de multiplier les vari\u00e9t\u00e9s int\u00e9ressantes&nbsp; dans un jardin clonal afin de re-densifier les parcelles avec du mat\u00e9riel v\u00e9g\u00e9tal donnant du cacao fin, et ce d\u2019autant plus que la pr\u00e9sence de f\u00e8ves blanches caract\u00e9ristique des g\u00e9notypes Criollo (cacao tr\u00e8s recherch\u00e9) a \u00e9t\u00e9 constat\u00e9e.<\/p>\n<p style=\"text-align: justify;\">Une prospection syst\u00e9matique devrait \u00eatre r\u00e9alis\u00e9e pour \u00e9tudier la diversit\u00e9 g\u00e9n\u00e9tique existante en Guadeloupe. Celle-ci a \u00e9t\u00e9 r\u00e9alis\u00e9e dans le courant du mois d\u2019avril 2018. Un accompagnement de la fili\u00e8re cacao permettra ensuite de valoriser ce mat\u00e9riel v\u00e9g\u00e9tal pour une production de cacao de qualit\u00e9.<\/p>\n<p style=\"text-align: justify;\">Mme BHARATH recommande, en outre, la cr\u00e9ation d\u2019une base de donn\u00e9es avec les traits morphologiques. Les traits morphologiques montrent l\u2019interaction entre la partie g\u00e9n\u00e9tique et la partie environnementale. La morphologie comprend la diversit\u00e9 de forme et la taille des cabosses, le nombre de graines par cabosse de chaque vari\u00e9t\u00e9, le poids moyen de ces graines par vari\u00e9t\u00e9s et des autres param\u00e8tres agronomiques qui contribuent \u00e0 la qualit\u00e9 globale du cacao.<\/p>\n<p style=\"text-align: right;\">R\u00e9dig\u00e9 par B. Vainqueur<\/p>\n<\/div>\n<p>&nbsp;<\/p>\n<p><strong>Plus d&rsquo;info :<\/strong><a href=\"https:\/\/recavaca.com\/wp-content\/uploads\/2018\/04\/RECAVACA_RAPPORT_WP_n2.pdf\"><img data-attachment-id=\"594\" data-permalink=\"https:\/\/recavaca.com\/index.php\/2017\/10\/25\/rapport-de-mission-wp-n1\/image_piece_joint\/\" data-orig-file=\"https:\/\/i0.wp.com\/recavaca.com\/wp-content\/uploads\/2018\/04\/Image_piece_joint.png?fit=790%2C858&amp;ssl=1\" data-orig-size=\"790,858\" data-comments-opened=\"0\" data-image-meta=\"{&quot;aperture&quot;:&quot;0&quot;,&quot;credit&quot;:&quot;&quot;,&quot;camera&quot;:&quot;&quot;,&quot;caption&quot;:&quot;&quot;,&quot;created_timestamp&quot;:&quot;0&quot;,&quot;copyright&quot;:&quot;&quot;,&quot;focal_length&quot;:&quot;0&quot;,&quot;iso&quot;:&quot;0&quot;,&quot;shutter_speed&quot;:&quot;0&quot;,&quot;title&quot;:&quot;&quot;,&quot;orientation&quot;:&quot;0&quot;}\" data-image-title=\"\" data-image-description=\"\" data-image-caption=\"\" data-medium-file=\"https:\/\/i0.wp.com\/recavaca.com\/wp-content\/uploads\/2018\/04\/Image_piece_joint.png?fit=276%2C300&amp;ssl=1\" data-large-file=\"https:\/\/i0.wp.com\/recavaca.com\/wp-content\/uploads\/2018\/04\/Image_piece_joint.png?fit=525%2C570&amp;ssl=1\" loading=\"lazy\" class=\"aligncenter wp-image-594 size-thumbnail\" src=\"https:\/\/i0.wp.com\/recavaca.com\/wp-content\/uploads\/2018\/04\/Image_piece_joint-150x150.png?resize=150%2C150\" alt=\"\" width=\"150\" height=\"150\" srcset=\"https:\/\/i0.wp.com\/recavaca.com\/wp-content\/uploads\/2018\/04\/Image_piece_joint.png?resize=150%2C150&amp;ssl=1 150w, https:\/\/i0.wp.com\/recavaca.com\/wp-content\/uploads\/2018\/04\/Image_piece_joint.png?resize=100%2C100&amp;ssl=1 100w, https:\/\/i0.wp.com\/recavaca.com\/wp-content\/uploads\/2018\/04\/Image_piece_joint.png?zoom=2&amp;resize=150%2C150&amp;ssl=1 300w, https:\/\/i0.wp.com\/recavaca.com\/wp-content\/uploads\/2018\/04\/Image_piece_joint.png?zoom=3&amp;resize=150%2C150&amp;ssl=1 450w\" sizes=\"(max-width: 150px) 100vw, 150px\" data-recalc-dims=\"1\" \/><\/a><\/p>\n","protected":false},"excerpt":{"rendered":"<p>Christian CILAS, le responsable de la fili\u00e8re cacao du CIRAD, a effectu\u00e9 des visites sur le terrain aupr\u00e8s des producteurs et planteurs de cacao en Guadeloupe et en Ha\u00efti dans le cadre du lancement du projet RECAVACA. La mission a eu lieu en Guadeloupe, du 23 au 25 octobre.<\/p>\n","protected":false},"author":3,"featured_media":0,"comment_status":"closed","ping_status":"open","sticky":false,"template":"","format":"standard","meta":{"spay_email":"","jetpack_publicize_message":"","jetpack_is_tweetstorm":false,"jetpack_publicize_feature_enabled":true},"categories":[35],"tags":[],"yoast_head":"<!-- This site is optimized with the Yoast SEO plugin v18.1 - https:\/\/yoast.com\/wordpress\/plugins\/seo\/ -->\n<title>Mission de Christian CILAS en Guadeloupe \u2013 23 au 25 octobre 2017 - Recavaca<\/title>\n<meta name=\"robots\" content=\"index, follow, max-snippet:-1, max-image-preview:large, max-video-preview:-1\" \/>\n<link rel=\"canonical\" href=\"https:\/\/recavaca.com\/index.php\/2017\/10\/25\/rapport-de-mission-wp-n1\/\" \/>\n<meta property=\"og:locale\" content=\"fr_FR\" \/>\n<meta property=\"og:type\" content=\"article\" \/>\n<meta property=\"og:title\" content=\"Mission de Christian CILAS en Guadeloupe \u2013 23 au 25 octobre 2017 - Recavaca\" \/>\n<meta property=\"og:description\" content=\"Christian CILAS, le responsable de la fili\u00e8re cacao du CIRAD, a effectu\u00e9 des visites sur le terrain aupr\u00e8s des producteurs et planteurs de cacao en Guadeloupe et en Ha\u00efti dans le cadre du lancement du projet RECAVACA. La mission a eu lieu en Guadeloupe, du 23 au 25 octobre.\" \/>\n<meta property=\"og:url\" content=\"https:\/\/recavaca.com\/index.php\/2017\/10\/25\/rapport-de-mission-wp-n1\/\" \/>\n<meta property=\"og:site_name\" content=\"Recavaca\" \/>\n<meta property=\"article:publisher\" content=\"https:\/\/www.facebook.com\/guadeloupeequitableetdurable\/\" \/>\n<meta property=\"article:published_time\" content=\"2017-10-25T15:49:34+00:00\" \/>\n<meta property=\"article:modified_time\" content=\"2018-04-23T14:08:34+00:00\" \/>\n<meta property=\"og:image\" content=\"https:\/\/recavaca.com\/wp-content\/uploads\/2018\/04\/Cilas-Barul-Conzett-Bharath-Griveli\u00e8re-oct.-2017-1024x768.jpg\" \/>\n<meta name=\"twitter:card\" content=\"summary_large_image\" \/>\n<meta name=\"twitter:label1\" content=\"\u00c9crit par\" \/>\n\t<meta name=\"twitter:data1\" content=\"Adrien S.\" \/>\n\t<meta name=\"twitter:label2\" content=\"Dur\u00e9e de lecture estim\u00e9e\" \/>\n\t<meta name=\"twitter:data2\" content=\"2 minutes\" \/>\n<script type=\"application\/ld+json\" class=\"yoast-schema-graph\">{\"@context\":\"https:\/\/schema.org\",\"@graph\":[{\"@type\":\"WebSite\",\"@id\":\"https:\/\/recavaca.com\/#website\",\"url\":\"https:\/\/recavaca.com\/\",\"name\":\"Recavaca\",\"description\":\"R\u00e9seau Carib\u00e9en pour la Valorisation du Cacao\",\"potentialAction\":[{\"@type\":\"SearchAction\",\"target\":{\"@type\":\"EntryPoint\",\"urlTemplate\":\"https:\/\/recavaca.com\/?s={search_term_string}\"},\"query-input\":\"required name=search_term_string\"}],\"inLanguage\":\"fr-FR\"},{\"@type\":\"ImageObject\",\"@id\":\"https:\/\/recavaca.com\/index.php\/2017\/10\/25\/rapport-de-mission-wp-n1\/#primaryimage\",\"inLanguage\":\"fr-FR\",\"url\":\"https:\/\/recavaca.com\/wp-content\/uploads\/2018\/04\/Cilas-Barul-Conzett-Bharath-Griveli\u00e8re-oct.-2017-1024x768.jpg\",\"contentUrl\":\"https:\/\/recavaca.com\/wp-content\/uploads\/2018\/04\/Cilas-Barul-Conzett-Bharath-Griveli\u00e8re-oct.-2017-1024x768.jpg\"},{\"@type\":\"WebPage\",\"@id\":\"https:\/\/recavaca.com\/index.php\/2017\/10\/25\/rapport-de-mission-wp-n1\/#webpage\",\"url\":\"https:\/\/recavaca.com\/index.php\/2017\/10\/25\/rapport-de-mission-wp-n1\/\",\"name\":\"Mission de Christian CILAS en Guadeloupe \u2013 23 au 25 octobre 2017 - Recavaca\",\"isPartOf\":{\"@id\":\"https:\/\/recavaca.com\/#website\"},\"primaryImageOfPage\":{\"@id\":\"https:\/\/recavaca.com\/index.php\/2017\/10\/25\/rapport-de-mission-wp-n1\/#primaryimage\"},\"datePublished\":\"2017-10-25T15:49:34+00:00\",\"dateModified\":\"2018-04-23T14:08:34+00:00\",\"author\":{\"@id\":\"https:\/\/recavaca.com\/#\/schema\/person\/1f0012c38048bfbe5f16cdec0c83942a\"},\"breadcrumb\":{\"@id\":\"https:\/\/recavaca.com\/index.php\/2017\/10\/25\/rapport-de-mission-wp-n1\/#breadcrumb\"},\"inLanguage\":\"fr-FR\",\"potentialAction\":[{\"@type\":\"ReadAction\",\"target\":[\"https:\/\/recavaca.com\/index.php\/2017\/10\/25\/rapport-de-mission-wp-n1\/\"]}]},{\"@type\":\"BreadcrumbList\",\"@id\":\"https:\/\/recavaca.com\/index.php\/2017\/10\/25\/rapport-de-mission-wp-n1\/#breadcrumb\",\"itemListElement\":[{\"@type\":\"ListItem\",\"position\":1,\"name\":\"Accueil\",\"item\":\"https:\/\/recavaca.com\/\"},{\"@type\":\"ListItem\",\"position\":2,\"name\":\"Mission de Christian CILAS en Guadeloupe \u2013 23 au 25 octobre 2017\"}]},{\"@type\":\"Person\",\"@id\":\"https:\/\/recavaca.com\/#\/schema\/person\/1f0012c38048bfbe5f16cdec0c83942a\",\"name\":\"Adrien S.\",\"image\":{\"@type\":\"ImageObject\",\"@id\":\"https:\/\/recavaca.com\/#personlogo\",\"inLanguage\":\"fr-FR\",\"url\":\"https:\/\/secure.gravatar.com\/avatar\/33af7464277703897e1a84aa5ec49729?s=96&d=mm&r=g\",\"contentUrl\":\"https:\/\/secure.gravatar.com\/avatar\/33af7464277703897e1a84aa5ec49729?s=96&d=mm&r=g\",\"caption\":\"Adrien S.\"}}]}<\/script>\n<!-- \/ Yoast SEO plugin. -->","yoast_head_json":{"title":"Mission de Christian CILAS en Guadeloupe \u2013 23 au 25 octobre 2017 - Recavaca","robots":{"index":"index","follow":"follow","max-snippet":"max-snippet:-1","max-image-preview":"max-image-preview:large","max-video-preview":"max-video-preview:-1"},"canonical":"https:\/\/recavaca.com\/index.php\/2017\/10\/25\/rapport-de-mission-wp-n1\/","og_locale":"fr_FR","og_type":"article","og_title":"Mission de Christian CILAS en Guadeloupe \u2013 23 au 25 octobre 2017 - Recavaca","og_description":"Christian CILAS, le responsable de la fili\u00e8re cacao du CIRAD, a effectu\u00e9 des visites sur le terrain aupr\u00e8s des producteurs et planteurs de cacao en Guadeloupe et en Ha\u00efti dans le cadre du lancement du projet RECAVACA. La mission a eu lieu en Guadeloupe, du 23 au 25 octobre.","og_url":"https:\/\/recavaca.com\/index.php\/2017\/10\/25\/rapport-de-mission-wp-n1\/","og_site_name":"Recavaca","article_publisher":"https:\/\/www.facebook.com\/guadeloupeequitableetdurable\/","article_published_time":"2017-10-25T15:49:34+00:00","article_modified_time":"2018-04-23T14:08:34+00:00","og_image":[{"url":"https:\/\/recavaca.com\/wp-content\/uploads\/2018\/04\/Cilas-Barul-Conzett-Bharath-Griveli\u00e8re-oct.-2017-1024x768.jpg"}],"twitter_card":"summary_large_image","twitter_misc":{"\u00c9crit par":"Adrien S.","Dur\u00e9e de lecture estim\u00e9e":"2 minutes"},"schema":{"@context":"https:\/\/schema.org","@graph":[{"@type":"WebSite","@id":"https:\/\/recavaca.com\/#website","url":"https:\/\/recavaca.com\/","name":"Recavaca","description":"R\u00e9seau Carib\u00e9en pour la Valorisation du Cacao","potentialAction":[{"@type":"SearchAction","target":{"@type":"EntryPoint","urlTemplate":"https:\/\/recavaca.com\/?s={search_term_string}"},"query-input":"required name=search_term_string"}],"inLanguage":"fr-FR"},{"@type":"ImageObject","@id":"https:\/\/recavaca.com\/index.php\/2017\/10\/25\/rapport-de-mission-wp-n1\/#primaryimage","inLanguage":"fr-FR","url":"https:\/\/recavaca.com\/wp-content\/uploads\/2018\/04\/Cilas-Barul-Conzett-Bharath-Griveli\u00e8re-oct.-2017-1024x768.jpg","contentUrl":"https:\/\/recavaca.com\/wp-content\/uploads\/2018\/04\/Cilas-Barul-Conzett-Bharath-Griveli\u00e8re-oct.-2017-1024x768.jpg"},{"@type":"WebPage","@id":"https:\/\/recavaca.com\/index.php\/2017\/10\/25\/rapport-de-mission-wp-n1\/#webpage","url":"https:\/\/recavaca.com\/index.php\/2017\/10\/25\/rapport-de-mission-wp-n1\/","name":"Mission de Christian CILAS en Guadeloupe \u2013 23 au 25 octobre 2017 - Recavaca","isPartOf":{"@id":"https:\/\/recavaca.com\/#website"},"primaryImageOfPage":{"@id":"https:\/\/recavaca.com\/index.php\/2017\/10\/25\/rapport-de-mission-wp-n1\/#primaryimage"},"datePublished":"2017-10-25T15:49:34+00:00","dateModified":"2018-04-23T14:08:34+00:00","author":{"@id":"https:\/\/recavaca.com\/#\/schema\/person\/1f0012c38048bfbe5f16cdec0c83942a"},"breadcrumb":{"@id":"https:\/\/recavaca.com\/index.php\/2017\/10\/25\/rapport-de-mission-wp-n1\/#breadcrumb"},"inLanguage":"fr-FR","potentialAction":[{"@type":"ReadAction","target":["https:\/\/recavaca.com\/index.php\/2017\/10\/25\/rapport-de-mission-wp-n1\/"]}]},{"@type":"BreadcrumbList","@id":"https:\/\/recavaca.com\/index.php\/2017\/10\/25\/rapport-de-mission-wp-n1\/#breadcrumb","itemListElement":[{"@type":"ListItem","position":1,"name":"Accueil","item":"https:\/\/recavaca.com\/"},{"@type":"ListItem","position":2,"name":"Mission de Christian CILAS en Guadeloupe \u2013 23 au 25 octobre 2017"}]},{"@type":"Person","@id":"https:\/\/recavaca.com\/#\/schema\/person\/1f0012c38048bfbe5f16cdec0c83942a","name":"Adrien S.","image":{"@type":"ImageObject","@id":"https:\/\/recavaca.com\/#personlogo","inLanguage":"fr-FR","url":"https:\/\/secure.gravatar.com\/avatar\/33af7464277703897e1a84aa5ec49729?s=96&d=mm&r=g","contentUrl":"https:\/\/secure.gravatar.com\/avatar\/33af7464277703897e1a84aa5ec49729?s=96&d=mm&r=g","caption":"Adrien S."}}]}},"jetpack_featured_media_url":"","jetpack_publicize_connections":[],"jetpack_sharing_enabled":true,"jetpack_shortlink":"https:\/\/wp.me\/p9QgSb-9y","jetpack-related-posts":[{"id":1503,"url":"https:\/\/recavaca.com\/index.php\/2019\/05\/08\/propager-les-cacaoyers-les-plus-interessants-par-la-technique-du-greffage\/","url_meta":{"origin":592,"position":0},"title":"Propager les cacaoyers les plus int\u00e9ressants par la technique du greffage","date":"8 mai 2019","format":false,"excerpt":"Dans le cadre du projet RECAVACA, des analyses g\u00e9n\u00e9tiques des cacaoyers de Guadeloupe ont \u00e9t\u00e9 r\u00e9alis\u00e9es suite \u00e0 deux missions de terrain de pr\u00e9l\u00e8vement des feuilles de cacaoyers men\u00e9es par l'expert du CIRAD, Christian CILAS, en novembre et en avril 2018. Objectifs et r\u00e9sultats de la mission du CIRAD Effectivement,\u2026","rel":"","context":"Dans &quot;Non class\u00e9&quot;","img":{"alt_text":"","src":"https:\/\/i0.wp.com\/recavaca.com\/wp-content\/uploads\/2019\/05\/52501618_239656633651527_3819820969623552000_n.jpg?fit=1052%2C780&ssl=1&resize=350%2C200","width":350,"height":200},"classes":[]},{"id":902,"url":"https:\/\/recavaca.com\/index.php\/2017\/11\/19\/mission-de-c-cilas-m-boccara-et-d-meunier-en-haiti-27-octobre-au-7-novembre-2017\/","url_meta":{"origin":592,"position":1},"title":"Mission de C. CILAS, M. BOCCARA et D. Meunier en Ha\u00efti \u2013 27 octobre au 7 novembre 2017","date":"19 novembre 2017","format":false,"excerpt":"Suite \u00e0 la premi\u00e8re mission men\u00e9e en Guadeloupe dans le cadre du lancement du projet RECAVACA, une mission est \u00e9galement men\u00e9e en Ha\u00efti, par Christian CILAS, accompagn\u00e9 de Michel BOCCARA (expert en g\u00e9n\u00e9tique du cacao) ainsi que par Didier MEUNIER, expert en agro\u00e9cologie, qui intervient depuis 2012 dans la Grand\u2019\u2026","rel":"","context":"Dans &quot;Rapport&quot;","img":{"alt_text":"","src":"https:\/\/i0.wp.com\/recavaca.com\/wp-content\/uploads\/2018\/04\/Didier-Meunier-nov.2017-1-1-768x1024.jpg?resize=350%2C200&ssl=1","width":350,"height":200},"classes":[]},{"id":1481,"url":"https:\/\/recavaca.com\/index.php\/2018\/11\/30\/restitution-des-resultats-des-analyses-genetiques-du-cacao-de-guadeloupe\/","url_meta":{"origin":592,"position":2},"title":"Restitution des r\u00e9sultats des analyses g\u00e9n\u00e9tiques du cacao de Guadeloupe","date":"30 novembre 2018","format":false,"excerpt":"La premi\u00e8re \u00e9tape des analyses a consist\u00e9 \u00e0 prospecter et \u00e0 pr\u00e9lever des feuilles de cacaoyers, ce qui a \u00e9t\u00e9 r\u00e9alis\u00e9 en avril dernier par C. CILAS. Les coordonn\u00e9es GPS\u00a0des arbres sont ensuite identifi\u00e9es afin de pouvoir localiser leur emplacement ; puis les \u00e9chantillons sont marqu\u00e9s. L\u2019ADN des feuilles est\u2026","rel":"","context":"Dans &quot;Non class\u00e9&quot;","img":{"alt_text":"","src":"https:\/\/i0.wp.com\/recavaca.com\/wp-content\/uploads\/2018\/11\/Capture-d\u2019e\u0301cran-2018-11-30-a\u0300-11.36.32.png?fit=884%2C603&ssl=1&resize=350%2C200","width":350,"height":200},"classes":[]},{"id":1452,"url":"https:\/\/recavaca.com\/index.php\/2018\/10\/19\/du-nouveau-pour-recavaca\/","url_meta":{"origin":592,"position":3},"title":"Du nouveau pour RECAVACA","date":"19 octobre 2018","format":false,"excerpt":"En ce mois d\u2019octobre 2018, plusieurs \u00e9v\u00e8nements font l\u2019actualit\u00e9 du projet RECAVACA. Ce mercredi 17, le VSC L\u00e9onard Normand engag\u00e9 par l'AGED a pr\u00e9sent\u00e9 les r\u00e9sultats de son \u00e9tude d\u2019une dur\u00e9e de 2 mois \u00ab\u00a0\u00e0 la rencontre des producteurs de cacao en Guadeloupe\u00a0\u00bb o\u00f9 il a visit\u00e9 33 producteurs et\u2026","rel":"","context":"Dans &quot;Rapport&quot;","img":{"alt_text":"","src":"https:\/\/i0.wp.com\/recavaca.com\/wp-content\/uploads\/2018\/10\/Sans-titre.png?fit=675%2C532&ssl=1&resize=350%2C200","width":350,"height":200},"classes":[]},{"id":1464,"url":"https:\/\/recavaca.com\/index.php\/2018\/11\/13\/rapport-jeunes-experts-istom-etude-de-la-filiere-cacao-guadeloupeenne\/","url_meta":{"origin":592,"position":4},"title":"Rapport Jeunes experts ISTOM &#8211; ETUDE DE LA FILIE\u0300RE CACAO GUADELOUPE\u0301ENNE","date":"13 novembre 2018","format":false,"excerpt":"Comment p\u00e9renniser la dynamique naissante des acteurs de la fili\u00e8re cacao dans la perspective d\u2019une valorisation ? Trois \u00e9tudiants de la Mission Jeunes Experts de l\u2019ISTOM \u00e9taient en mission aupr\u00e8s de l\u2019AGED du 6 juin au 23 juillet 2018 afin de r\u00e9aliser une \u00e9tude sur les formes de valorisation possible\u2026","rel":"","context":"Dans &quot;Cacao&quot;","img":{"alt_text":"","src":"https:\/\/i0.wp.com\/recavaca.com\/wp-content\/uploads\/2018\/11\/45480491_10156571158920482_7315410588874571776_o.jpg?fit=1200%2C800&ssl=1&resize=350%2C200","width":350,"height":200},"classes":[]},{"id":908,"url":"https:\/\/recavaca.com\/index.php\/2017\/11\/01\/les-formations-en-processus-post-recoltes-n-durand-g-fourny-et-s-bharath\/","url_meta":{"origin":592,"position":5},"title":"Les formations en processus post-r\u00e9coltes \u2013 N. DURAND, G. FOURNY et S. BHARATH","date":"1 novembre 2017","format":false,"excerpt":"Les objectifs de la formation en Ha\u00efti comme en Guadeloupe sont\u00a0: d\u2019am\u00e9liorer les syst\u00e8mes post r\u00e9coltes pour accro\u00eetre la valeur ajout\u00e9e de la production cacaoy\u00e8re.\u00a0Les processus post-r\u00e9coltes comprennent l\u2019ensemble des op\u00e9rations, de la r\u00e9colte \u00e0 l\u2019\u00e9cabossage, en passant par le pr\u00e9-conditionnement des f\u00e8ves, la fermentation, le s\u00e9chage, le stockage et\u2026","rel":"","context":"Dans &quot;Non class\u00e9&quot;","img":{"alt_text":"","src":"https:\/\/i0.wp.com\/recavaca.com\/wp-content\/uploads\/2017\/11\/brassage-feves-2-1024x614.jpg?resize=350%2C200&ssl=1","width":350,"height":200},"classes":[]}],"_links":{"self":[{"href":"https:\/\/recavaca.com\/index.php\/wp-json\/wp\/v2\/posts\/592"}],"collection":[{"href":"https:\/\/recavaca.com\/index.php\/wp-json\/wp\/v2\/posts"}],"about":[{"href":"https:\/\/recavaca.com\/index.php\/wp-json\/wp\/v2\/types\/post"}],"author":[{"embeddable":true,"href":"https:\/\/recavaca.com\/index.php\/wp-json\/wp\/v2\/users\/3"}],"replies":[{"embeddable":true,"href":"https:\/\/recavaca.com\/index.php\/wp-json\/wp\/v2\/comments?post=592"}],"version-history":[{"count":11,"href":"https:\/\/recavaca.com\/index.php\/wp-json\/wp\/v2\/posts\/592\/revisions"}],"predecessor-version":[{"id":944,"href":"https:\/\/recavaca.com\/index.php\/wp-json\/wp\/v2\/posts\/592\/revisions\/944"}],"wp:attachment":[{"href":"https:\/\/recavaca.com\/index.php\/wp-json\/wp\/v2\/media?parent=592"}],"wp:term":[{"taxonomy":"category","embeddable":true,"href":"https:\/\/recavaca.com\/index.php\/wp-json\/wp\/v2\/categories?post=592"},{"taxonomy":"post_tag","embeddable":true,"href":"https:\/\/recavaca.com\/index.php\/wp-json\/wp\/v2\/tags?post=592"}],"curies":[{"name":"wp","href":"https:\/\/api.w.org\/{rel}","templated":true}]}}