{"id":1481,"date":"2018-11-30T17:38:02","date_gmt":"2018-11-30T16:38:02","guid":{"rendered":"https:\/\/recavaca.com\/?p=1481"},"modified":"2018-11-30T17:38:02","modified_gmt":"2018-11-30T16:38:02","slug":"restitution-des-resultats-des-analyses-genetiques-du-cacao-de-guadeloupe","status":"publish","type":"post","link":"https:\/\/recavaca.com\/index.php\/2018\/11\/30\/restitution-des-resultats-des-analyses-genetiques-du-cacao-de-guadeloupe\/","title":{"rendered":"Restitution des r\u00e9sultats des analyses g\u00e9n\u00e9tiques du cacao de Guadeloupe"},"content":{"rendered":"<p>La premi\u00e8re \u00e9tape des analyses a consist\u00e9 \u00e0 prospecter et \u00e0 pr\u00e9lever des feuilles de cacaoyers, ce qui a \u00e9t\u00e9 r\u00e9alis\u00e9 en avril dernier par C. CILAS. Les coordonn\u00e9es GPS\u00a0des arbres sont ensuite identifi\u00e9es afin de pouvoir localiser leur emplacement ; puis les \u00e9chantillons sont marqu\u00e9s. L\u2019ADN des feuilles est ensuite extrait afin de r\u00e9aliser le g\u00e9notypage et de rep\u00e9rer dans quel groupe on se situe.<\/p>\n<p>L\u2019objectif est de d\u00e9terminer le pourcentage des diff\u00e9rents groupes g\u00e9n\u00e9tiques dans le g\u00e9nome des cacaoyers analys\u00e9s.<\/p>\n<p>L\u2019\u00e9tude de la diversit\u00e9 g\u00e9n\u00e9tique de l\u2019esp\u00e8ce Theobroma cacao permettra de faire un choix du mat\u00e9riel \u00e0 promouvoir, puis de restaurer le mat\u00e9riel g\u00e9n\u00e9tique par la taille des anciens cacaoyers et par du greffage de fa\u00e7on \u00e0 diffuser le mat\u00e9riel qu\u2019il serait plus int\u00e9ressant de promouvoir.<\/p>\n<p><u>\u00a0<\/u><u>R\u00e9sultats des analyses g\u00e9n\u00e9tiques<\/u><\/p>\n<p><u>\u00a0<img data-attachment-id=\"1482\" data-permalink=\"https:\/\/recavaca.com\/index.php\/2018\/11\/30\/restitution-des-resultats-des-analyses-genetiques-du-cacao-de-guadeloupe\/capture-decran-2018-11-30-a-11-27-40\/\" data-orig-file=\"https:\/\/i0.wp.com\/recavaca.com\/wp-content\/uploads\/2018\/11\/Capture-d\u2019e\u0301cran-2018-11-30-a\u0300-11.27.40.png?fit=707%2C420&amp;ssl=1\" data-orig-size=\"707,420\" data-comments-opened=\"0\" data-image-meta=\"{&quot;aperture&quot;:&quot;0&quot;,&quot;credit&quot;:&quot;&quot;,&quot;camera&quot;:&quot;&quot;,&quot;caption&quot;:&quot;&quot;,&quot;created_timestamp&quot;:&quot;0&quot;,&quot;copyright&quot;:&quot;&quot;,&quot;focal_length&quot;:&quot;0&quot;,&quot;iso&quot;:&quot;0&quot;,&quot;shutter_speed&quot;:&quot;0&quot;,&quot;title&quot;:&quot;&quot;,&quot;orientation&quot;:&quot;0&quot;}\" data-image-title=\"Capture d\u2019e\u0301cran 2018-11-30 a\u0300 11.27.40\" data-image-description=\"\" data-image-caption=\"\" data-medium-file=\"https:\/\/i0.wp.com\/recavaca.com\/wp-content\/uploads\/2018\/11\/Capture-d\u2019e\u0301cran-2018-11-30-a\u0300-11.27.40.png?fit=300%2C178&amp;ssl=1\" data-large-file=\"https:\/\/i0.wp.com\/recavaca.com\/wp-content\/uploads\/2018\/11\/Capture-d\u2019e\u0301cran-2018-11-30-a\u0300-11.27.40.png?fit=525%2C312&amp;ssl=1\" loading=\"lazy\" class=\"aligncenter wp-image-1482 size-full\" src=\"https:\/\/i0.wp.com\/recavaca.com\/wp-content\/uploads\/2018\/11\/Capture-d\u2019e\u0301cran-2018-11-30-a\u0300-11.27.40.png?resize=525%2C312&#038;ssl=1\" alt=\"\" width=\"525\" height=\"312\" srcset=\"https:\/\/i0.wp.com\/recavaca.com\/wp-content\/uploads\/2018\/11\/Capture-d\u2019e\u0301cran-2018-11-30-a\u0300-11.27.40.png?w=707&amp;ssl=1 707w, https:\/\/i0.wp.com\/recavaca.com\/wp-content\/uploads\/2018\/11\/Capture-d\u2019e\u0301cran-2018-11-30-a\u0300-11.27.40.png?resize=300%2C178&amp;ssl=1 300w\" sizes=\"(max-width: 525px) 100vw, 525px\" data-recalc-dims=\"1\" \/><\/u><\/p>\n<p><em>L\u2019arbre de la diversit\u00e9 g\u00e9n\u00e9tique des cacaoyers de Guadeloupe -Christian CILAS<\/em><\/p>\n<p>L\u2019essentiel de la population des cacaoyers de Guadeloupe est le r\u00e9sultat de l\u2019hybridation de vari\u00e9t\u00e9s anciennes de Criollo et d\u2019Amelonado, \u00e0 l\u2019exception des hybrides complexes dont la pr\u00e9sence s\u2019explique par l\u2019introduction de mat\u00e9riel, probablement du Venezuela et de Trinidad, dans le cadre d\u2019essai de relance de la production, apr\u00e8s les ann\u00e9es 30.<\/p>\n<p><img data-attachment-id=\"1483\" data-permalink=\"https:\/\/recavaca.com\/index.php\/2018\/11\/30\/restitution-des-resultats-des-analyses-genetiques-du-cacao-de-guadeloupe\/capture-decran-2018-11-30-a-11-28-55\/\" data-orig-file=\"https:\/\/i0.wp.com\/recavaca.com\/wp-content\/uploads\/2018\/11\/Capture-d\u2019e\u0301cran-2018-11-30-a\u0300-11.28.55.png?fit=876%2C612&amp;ssl=1\" data-orig-size=\"876,612\" data-comments-opened=\"0\" data-image-meta=\"{&quot;aperture&quot;:&quot;0&quot;,&quot;credit&quot;:&quot;&quot;,&quot;camera&quot;:&quot;&quot;,&quot;caption&quot;:&quot;&quot;,&quot;created_timestamp&quot;:&quot;0&quot;,&quot;copyright&quot;:&quot;&quot;,&quot;focal_length&quot;:&quot;0&quot;,&quot;iso&quot;:&quot;0&quot;,&quot;shutter_speed&quot;:&quot;0&quot;,&quot;title&quot;:&quot;&quot;,&quot;orientation&quot;:&quot;0&quot;}\" data-image-title=\"Capture d\u2019e\u0301cran 2018-11-30 a\u0300 11.28.55\" data-image-description=\"\" data-image-caption=\"\" data-medium-file=\"https:\/\/i0.wp.com\/recavaca.com\/wp-content\/uploads\/2018\/11\/Capture-d\u2019e\u0301cran-2018-11-30-a\u0300-11.28.55.png?fit=300%2C210&amp;ssl=1\" data-large-file=\"https:\/\/i0.wp.com\/recavaca.com\/wp-content\/uploads\/2018\/11\/Capture-d\u2019e\u0301cran-2018-11-30-a\u0300-11.28.55.png?fit=525%2C367&amp;ssl=1\" loading=\"lazy\" class=\"aligncenter wp-image-1483 size-full\" src=\"https:\/\/i0.wp.com\/recavaca.com\/wp-content\/uploads\/2018\/11\/Capture-d\u2019e\u0301cran-2018-11-30-a\u0300-11.28.55.png?resize=525%2C367&#038;ssl=1\" alt=\"\" width=\"525\" height=\"367\" srcset=\"https:\/\/i0.wp.com\/recavaca.com\/wp-content\/uploads\/2018\/11\/Capture-d\u2019e\u0301cran-2018-11-30-a\u0300-11.28.55.png?w=876&amp;ssl=1 876w, https:\/\/i0.wp.com\/recavaca.com\/wp-content\/uploads\/2018\/11\/Capture-d\u2019e\u0301cran-2018-11-30-a\u0300-11.28.55.png?resize=300%2C210&amp;ssl=1 300w, https:\/\/i0.wp.com\/recavaca.com\/wp-content\/uploads\/2018\/11\/Capture-d\u2019e\u0301cran-2018-11-30-a\u0300-11.28.55.png?resize=768%2C537&amp;ssl=1 768w\" sizes=\"(max-width: 706px) 89vw, (max-width: 767px) 82vw, 740px\" data-recalc-dims=\"1\" \/><\/p>\n<p><em>Composition g\u00e9n\u00e9tique des cacaoyers prospect\u00e9s en Guadeloupe<\/em><\/p>\n<p>La pr\u00e9sence de Criollo avait d\u00e9j\u00e0 \u00e9t\u00e9 attest\u00e9e par la d\u00e9couverte de f\u00e8ves blanches dans certaines cabosses. Cette vari\u00e9t\u00e9 est appr\u00e9ci\u00e9e pour ses qualit\u00e9s organoleptiques car elles donnent la plupart des ar\u00f4mes fins. Toutefois il s\u2019agit d\u2019une vari\u00e9t\u00e9 tr\u00e8s peu cultiv\u00e9e car elle est sensible aux maladies\u00a0et son rendement\u00a0est faible. L\u2019existence de vari\u00e9t\u00e9s hybrides contenant un pourcentage donn\u00e9 de Criollo est donc une bonne chose. Dans le choix du mat\u00e9riel \u00e0 promouvoir, il faudrait s\u00e9lectionner les vari\u00e9t\u00e9s ayant les pourcentages les plus \u00e9lev\u00e9 de Criollo.<\/p>\n<p>Il convient toutefois de caract\u00e9riser d\u2019un point de vue organoleptique et sensoriel le cacao par la r\u00e9alisation de fermentations du cacao issu des groupes identifi\u00e9es en fonction du pourcentage de criollo contenu dans les cabosses des arbres analys\u00e9s. L\u2019int\u00e9r\u00eat \u00e9tant de voir ce que vaut le chocolat obtenu au niveau de la qualit\u00e9.<\/p>\n<p>Pour cela il faut un nombre cons\u00e9quent de cabosses issues d\u2019arbres ayant un pourcentage donn\u00e9 de criollo et pr\u00e9sentant les m\u00eames caract\u00e9ristiques g\u00e9n\u00e9tiques. D\u2019o\u00f9 la n\u00e9cessit\u00e9 de multiplier les cacaoyers ayant des caract\u00e9ristiques int\u00e9ressantes pour avoir une quantit\u00e9 suffisante de f\u00e8ves \u00e0 fermenter.<\/p>\n<p>Par la suite, les g\u00e9notypes les plus int\u00e9ressants devraient \u00eatre multipli\u00e9s par greffage. Les plants obtenus \u00e0 la suite de cela pourraient ensuite \u00eatre mis en collection et donner lieu \u00e0 une distribution du mat\u00e9riel int\u00e9ressant \u00e0 promouvoir.<\/p>\n<p>&nbsp;<\/p>\n<p>&nbsp;<\/p>\n<p>&nbsp;<\/p>\n","protected":false},"excerpt":{"rendered":"<p>La premi\u00e8re \u00e9tape des analyses a consist\u00e9 \u00e0 prospecter et \u00e0 pr\u00e9lever des feuilles de cacaoyers, ce qui a \u00e9t\u00e9 r\u00e9alis\u00e9 en avril dernier par C. CILAS. Les coordonn\u00e9es GPS\u00a0des arbres sont ensuite identifi\u00e9es afin de pouvoir localiser leur emplacement ; puis les \u00e9chantillons sont marqu\u00e9s. L\u2019ADN des feuilles est ensuite extrait afin de r\u00e9aliser &hellip; <\/p>\n<p class=\"link-more\"><a href=\"https:\/\/recavaca.com\/index.php\/2018\/11\/30\/restitution-des-resultats-des-analyses-genetiques-du-cacao-de-guadeloupe\/\" class=\"more-link\">Continuer la lecture<span class=\"screen-reader-text\"> de &laquo;&nbsp;Restitution des r\u00e9sultats des analyses g\u00e9n\u00e9tiques du cacao de Guadeloupe&nbsp;&raquo;<\/span><\/a><\/p>\n","protected":false},"author":2,"featured_media":1484,"comment_status":"closed","ping_status":"open","sticky":false,"template":"","format":"standard","meta":{"spay_email":"","jetpack_publicize_message":"","jetpack_is_tweetstorm":false,"jetpack_publicize_feature_enabled":true},"categories":[1],"tags":[],"yoast_head":"<!-- This site is optimized with the Yoast SEO plugin v18.1 - https:\/\/yoast.com\/wordpress\/plugins\/seo\/ -->\n<title>Restitution des r\u00e9sultats des analyses g\u00e9n\u00e9tiques du cacao de Guadeloupe - Recavaca<\/title>\n<meta name=\"robots\" content=\"index, follow, max-snippet:-1, max-image-preview:large, max-video-preview:-1\" \/>\n<link rel=\"canonical\" href=\"https:\/\/recavaca.com\/index.php\/2018\/11\/30\/restitution-des-resultats-des-analyses-genetiques-du-cacao-de-guadeloupe\/\" \/>\n<meta property=\"og:locale\" content=\"fr_FR\" \/>\n<meta property=\"og:type\" content=\"article\" \/>\n<meta property=\"og:title\" content=\"Restitution des r\u00e9sultats des analyses g\u00e9n\u00e9tiques du cacao de Guadeloupe - Recavaca\" \/>\n<meta property=\"og:description\" content=\"La premi\u00e8re \u00e9tape des analyses a consist\u00e9 \u00e0 prospecter et \u00e0 pr\u00e9lever des feuilles de cacaoyers, ce qui a \u00e9t\u00e9 r\u00e9alis\u00e9 en avril dernier par C. CILAS. Les coordonn\u00e9es GPS\u00a0des arbres sont ensuite identifi\u00e9es afin de pouvoir localiser leur emplacement ; puis les \u00e9chantillons sont marqu\u00e9s. L\u2019ADN des feuilles est ensuite extrait afin de r\u00e9aliser &hellip; Continuer la lecture de &laquo;&nbsp;Restitution des r\u00e9sultats des analyses g\u00e9n\u00e9tiques du cacao de Guadeloupe&nbsp;&raquo;\" \/>\n<meta property=\"og:url\" content=\"https:\/\/recavaca.com\/index.php\/2018\/11\/30\/restitution-des-resultats-des-analyses-genetiques-du-cacao-de-guadeloupe\/\" \/>\n<meta property=\"og:site_name\" content=\"Recavaca\" \/>\n<meta property=\"article:publisher\" content=\"https:\/\/www.facebook.com\/guadeloupeequitableetdurable\/\" \/>\n<meta property=\"article:author\" content=\"https:\/\/www.facebook.com\/guadeloupeequitableetdurable\/\" \/>\n<meta property=\"article:published_time\" content=\"2018-11-30T16:38:02+00:00\" \/>\n<meta property=\"og:image\" content=\"https:\/\/i0.wp.com\/recavaca.com\/wp-content\/uploads\/2018\/11\/Capture-d\u2019e\u0301cran-2018-11-30-a\u0300-11.36.32.png?fit=884%2C603&#038;ssl=1\" \/>\n\t<meta property=\"og:image:width\" content=\"884\" \/>\n\t<meta property=\"og:image:height\" content=\"603\" \/>\n\t<meta property=\"og:image:type\" content=\"image\/png\" \/>\n<meta name=\"twitter:card\" content=\"summary_large_image\" \/>\n<meta name=\"twitter:label1\" content=\"\u00c9crit par\" \/>\n\t<meta name=\"twitter:data1\" content=\"AGED\" \/>\n\t<meta name=\"twitter:label2\" content=\"Dur\u00e9e de lecture estim\u00e9e\" \/>\n\t<meta name=\"twitter:data2\" content=\"3 minutes\" \/>\n<script type=\"application\/ld+json\" class=\"yoast-schema-graph\">{\"@context\":\"https:\/\/schema.org\",\"@graph\":[{\"@type\":\"WebSite\",\"@id\":\"https:\/\/recavaca.com\/#website\",\"url\":\"https:\/\/recavaca.com\/\",\"name\":\"Recavaca\",\"description\":\"R\u00e9seau Carib\u00e9en pour la Valorisation du Cacao\",\"potentialAction\":[{\"@type\":\"SearchAction\",\"target\":{\"@type\":\"EntryPoint\",\"urlTemplate\":\"https:\/\/recavaca.com\/?s={search_term_string}\"},\"query-input\":\"required name=search_term_string\"}],\"inLanguage\":\"fr-FR\"},{\"@type\":\"ImageObject\",\"@id\":\"https:\/\/recavaca.com\/index.php\/2018\/11\/30\/restitution-des-resultats-des-analyses-genetiques-du-cacao-de-guadeloupe\/#primaryimage\",\"inLanguage\":\"fr-FR\",\"url\":\"https:\/\/i0.wp.com\/recavaca.com\/wp-content\/uploads\/2018\/11\/Capture-d\u2019e\u0301cran-2018-11-30-a\u0300-11.36.32.png?fit=884%2C603&ssl=1\",\"contentUrl\":\"https:\/\/i0.wp.com\/recavaca.com\/wp-content\/uploads\/2018\/11\/Capture-d\u2019e\u0301cran-2018-11-30-a\u0300-11.36.32.png?fit=884%2C603&ssl=1\",\"width\":884,\"height\":603},{\"@type\":\"WebPage\",\"@id\":\"https:\/\/recavaca.com\/index.php\/2018\/11\/30\/restitution-des-resultats-des-analyses-genetiques-du-cacao-de-guadeloupe\/#webpage\",\"url\":\"https:\/\/recavaca.com\/index.php\/2018\/11\/30\/restitution-des-resultats-des-analyses-genetiques-du-cacao-de-guadeloupe\/\",\"name\":\"Restitution des r\u00e9sultats des analyses g\u00e9n\u00e9tiques du cacao de Guadeloupe - Recavaca\",\"isPartOf\":{\"@id\":\"https:\/\/recavaca.com\/#website\"},\"primaryImageOfPage\":{\"@id\":\"https:\/\/recavaca.com\/index.php\/2018\/11\/30\/restitution-des-resultats-des-analyses-genetiques-du-cacao-de-guadeloupe\/#primaryimage\"},\"datePublished\":\"2018-11-30T16:38:02+00:00\",\"dateModified\":\"2018-11-30T16:38:02+00:00\",\"author\":{\"@id\":\"https:\/\/recavaca.com\/#\/schema\/person\/bdf89fafd259b168e7c991f00f591ac4\"},\"breadcrumb\":{\"@id\":\"https:\/\/recavaca.com\/index.php\/2018\/11\/30\/restitution-des-resultats-des-analyses-genetiques-du-cacao-de-guadeloupe\/#breadcrumb\"},\"inLanguage\":\"fr-FR\",\"potentialAction\":[{\"@type\":\"ReadAction\",\"target\":[\"https:\/\/recavaca.com\/index.php\/2018\/11\/30\/restitution-des-resultats-des-analyses-genetiques-du-cacao-de-guadeloupe\/\"]}]},{\"@type\":\"BreadcrumbList\",\"@id\":\"https:\/\/recavaca.com\/index.php\/2018\/11\/30\/restitution-des-resultats-des-analyses-genetiques-du-cacao-de-guadeloupe\/#breadcrumb\",\"itemListElement\":[{\"@type\":\"ListItem\",\"position\":1,\"name\":\"Accueil\",\"item\":\"https:\/\/recavaca.com\/\"},{\"@type\":\"ListItem\",\"position\":2,\"name\":\"Restitution des r\u00e9sultats des analyses g\u00e9n\u00e9tiques du cacao de Guadeloupe\"}]},{\"@type\":\"Person\",\"@id\":\"https:\/\/recavaca.com\/#\/schema\/person\/bdf89fafd259b168e7c991f00f591ac4\",\"name\":\"AGED\",\"image\":{\"@type\":\"ImageObject\",\"@id\":\"https:\/\/recavaca.com\/#personlogo\",\"inLanguage\":\"fr-FR\",\"url\":\"https:\/\/secure.gravatar.com\/avatar\/70f780c236055796db6e32b2e232337c?s=96&d=mm&r=g\",\"contentUrl\":\"https:\/\/secure.gravatar.com\/avatar\/70f780c236055796db6e32b2e232337c?s=96&d=mm&r=g\",\"caption\":\"AGED\"},\"sameAs\":[\"http:\/\/recavaca.com\",\"https:\/\/www.facebook.com\/guadeloupeequitableetdurable\/\"]}]}<\/script>\n<!-- \/ Yoast SEO plugin. -->","yoast_head_json":{"title":"Restitution des r\u00e9sultats des analyses g\u00e9n\u00e9tiques du cacao de Guadeloupe - Recavaca","robots":{"index":"index","follow":"follow","max-snippet":"max-snippet:-1","max-image-preview":"max-image-preview:large","max-video-preview":"max-video-preview:-1"},"canonical":"https:\/\/recavaca.com\/index.php\/2018\/11\/30\/restitution-des-resultats-des-analyses-genetiques-du-cacao-de-guadeloupe\/","og_locale":"fr_FR","og_type":"article","og_title":"Restitution des r\u00e9sultats des analyses g\u00e9n\u00e9tiques du cacao de Guadeloupe - Recavaca","og_description":"La premi\u00e8re \u00e9tape des analyses a consist\u00e9 \u00e0 prospecter et \u00e0 pr\u00e9lever des feuilles de cacaoyers, ce qui a \u00e9t\u00e9 r\u00e9alis\u00e9 en avril dernier par C. CILAS. Les coordonn\u00e9es GPS\u00a0des arbres sont ensuite identifi\u00e9es afin de pouvoir localiser leur emplacement ; puis les \u00e9chantillons sont marqu\u00e9s. L\u2019ADN des feuilles est ensuite extrait afin de r\u00e9aliser &hellip; Continuer la lecture de &laquo;&nbsp;Restitution des r\u00e9sultats des analyses g\u00e9n\u00e9tiques du cacao de Guadeloupe&nbsp;&raquo;","og_url":"https:\/\/recavaca.com\/index.php\/2018\/11\/30\/restitution-des-resultats-des-analyses-genetiques-du-cacao-de-guadeloupe\/","og_site_name":"Recavaca","article_publisher":"https:\/\/www.facebook.com\/guadeloupeequitableetdurable\/","article_author":"https:\/\/www.facebook.com\/guadeloupeequitableetdurable\/","article_published_time":"2018-11-30T16:38:02+00:00","og_image":[{"width":884,"height":603,"url":"https:\/\/i0.wp.com\/recavaca.com\/wp-content\/uploads\/2018\/11\/Capture-d\u2019e\u0301cran-2018-11-30-a\u0300-11.36.32.png?fit=884%2C603&ssl=1","type":"image\/png"}],"twitter_card":"summary_large_image","twitter_misc":{"\u00c9crit par":"AGED","Dur\u00e9e de lecture estim\u00e9e":"3 minutes"},"schema":{"@context":"https:\/\/schema.org","@graph":[{"@type":"WebSite","@id":"https:\/\/recavaca.com\/#website","url":"https:\/\/recavaca.com\/","name":"Recavaca","description":"R\u00e9seau Carib\u00e9en pour la Valorisation du Cacao","potentialAction":[{"@type":"SearchAction","target":{"@type":"EntryPoint","urlTemplate":"https:\/\/recavaca.com\/?s={search_term_string}"},"query-input":"required name=search_term_string"}],"inLanguage":"fr-FR"},{"@type":"ImageObject","@id":"https:\/\/recavaca.com\/index.php\/2018\/11\/30\/restitution-des-resultats-des-analyses-genetiques-du-cacao-de-guadeloupe\/#primaryimage","inLanguage":"fr-FR","url":"https:\/\/i0.wp.com\/recavaca.com\/wp-content\/uploads\/2018\/11\/Capture-d\u2019e\u0301cran-2018-11-30-a\u0300-11.36.32.png?fit=884%2C603&ssl=1","contentUrl":"https:\/\/i0.wp.com\/recavaca.com\/wp-content\/uploads\/2018\/11\/Capture-d\u2019e\u0301cran-2018-11-30-a\u0300-11.36.32.png?fit=884%2C603&ssl=1","width":884,"height":603},{"@type":"WebPage","@id":"https:\/\/recavaca.com\/index.php\/2018\/11\/30\/restitution-des-resultats-des-analyses-genetiques-du-cacao-de-guadeloupe\/#webpage","url":"https:\/\/recavaca.com\/index.php\/2018\/11\/30\/restitution-des-resultats-des-analyses-genetiques-du-cacao-de-guadeloupe\/","name":"Restitution des r\u00e9sultats des analyses g\u00e9n\u00e9tiques du cacao de Guadeloupe - Recavaca","isPartOf":{"@id":"https:\/\/recavaca.com\/#website"},"primaryImageOfPage":{"@id":"https:\/\/recavaca.com\/index.php\/2018\/11\/30\/restitution-des-resultats-des-analyses-genetiques-du-cacao-de-guadeloupe\/#primaryimage"},"datePublished":"2018-11-30T16:38:02+00:00","dateModified":"2018-11-30T16:38:02+00:00","author":{"@id":"https:\/\/recavaca.com\/#\/schema\/person\/bdf89fafd259b168e7c991f00f591ac4"},"breadcrumb":{"@id":"https:\/\/recavaca.com\/index.php\/2018\/11\/30\/restitution-des-resultats-des-analyses-genetiques-du-cacao-de-guadeloupe\/#breadcrumb"},"inLanguage":"fr-FR","potentialAction":[{"@type":"ReadAction","target":["https:\/\/recavaca.com\/index.php\/2018\/11\/30\/restitution-des-resultats-des-analyses-genetiques-du-cacao-de-guadeloupe\/"]}]},{"@type":"BreadcrumbList","@id":"https:\/\/recavaca.com\/index.php\/2018\/11\/30\/restitution-des-resultats-des-analyses-genetiques-du-cacao-de-guadeloupe\/#breadcrumb","itemListElement":[{"@type":"ListItem","position":1,"name":"Accueil","item":"https:\/\/recavaca.com\/"},{"@type":"ListItem","position":2,"name":"Restitution des r\u00e9sultats des analyses g\u00e9n\u00e9tiques du cacao de Guadeloupe"}]},{"@type":"Person","@id":"https:\/\/recavaca.com\/#\/schema\/person\/bdf89fafd259b168e7c991f00f591ac4","name":"AGED","image":{"@type":"ImageObject","@id":"https:\/\/recavaca.com\/#personlogo","inLanguage":"fr-FR","url":"https:\/\/secure.gravatar.com\/avatar\/70f780c236055796db6e32b2e232337c?s=96&d=mm&r=g","contentUrl":"https:\/\/secure.gravatar.com\/avatar\/70f780c236055796db6e32b2e232337c?s=96&d=mm&r=g","caption":"AGED"},"sameAs":["http:\/\/recavaca.com","https:\/\/www.facebook.com\/guadeloupeequitableetdurable\/"]}]}},"jetpack_featured_media_url":"https:\/\/i0.wp.com\/recavaca.com\/wp-content\/uploads\/2018\/11\/Capture-d\u2019e\u0301cran-2018-11-30-a\u0300-11.36.32.png?fit=884%2C603&ssl=1","jetpack_publicize_connections":[],"jetpack_sharing_enabled":true,"jetpack_shortlink":"https:\/\/wp.me\/p9QgSb-nT","jetpack-related-posts":[{"id":1503,"url":"https:\/\/recavaca.com\/index.php\/2019\/05\/08\/propager-les-cacaoyers-les-plus-interessants-par-la-technique-du-greffage\/","url_meta":{"origin":1481,"position":0},"title":"Propager les cacaoyers les plus int\u00e9ressants par la technique du greffage","date":"8 mai 2019","format":false,"excerpt":"Dans le cadre du projet RECAVACA, des analyses g\u00e9n\u00e9tiques des cacaoyers de Guadeloupe ont \u00e9t\u00e9 r\u00e9alis\u00e9es suite \u00e0 deux missions de terrain de pr\u00e9l\u00e8vement des feuilles de cacaoyers men\u00e9es par l'expert du CIRAD, Christian CILAS, en novembre et en avril 2018. Objectifs et r\u00e9sultats de la mission du CIRAD Effectivement,\u2026","rel":"","context":"Dans &quot;Non class\u00e9&quot;","img":{"alt_text":"","src":"https:\/\/i0.wp.com\/recavaca.com\/wp-content\/uploads\/2019\/05\/52501618_239656633651527_3819820969623552000_n.jpg?fit=1052%2C780&ssl=1&resize=350%2C200","width":350,"height":200},"classes":[]},{"id":902,"url":"https:\/\/recavaca.com\/index.php\/2017\/11\/19\/mission-de-c-cilas-m-boccara-et-d-meunier-en-haiti-27-octobre-au-7-novembre-2017\/","url_meta":{"origin":1481,"position":1},"title":"Mission de C. CILAS, M. BOCCARA et D. Meunier en Ha\u00efti \u2013 27 octobre au 7 novembre 2017","date":"19 novembre 2017","format":false,"excerpt":"Suite \u00e0 la premi\u00e8re mission men\u00e9e en Guadeloupe dans le cadre du lancement du projet RECAVACA, une mission est \u00e9galement men\u00e9e en Ha\u00efti, par Christian CILAS, accompagn\u00e9 de Michel BOCCARA (expert en g\u00e9n\u00e9tique du cacao) ainsi que par Didier MEUNIER, expert en agro\u00e9cologie, qui intervient depuis 2012 dans la Grand\u2019\u2026","rel":"","context":"Dans &quot;Rapport&quot;","img":{"alt_text":"","src":"https:\/\/i0.wp.com\/recavaca.com\/wp-content\/uploads\/2018\/04\/Didier-Meunier-nov.2017-1-1-768x1024.jpg?resize=350%2C200&ssl=1","width":350,"height":200},"classes":[]},{"id":592,"url":"https:\/\/recavaca.com\/index.php\/2017\/10\/25\/rapport-de-mission-wp-n1\/","url_meta":{"origin":1481,"position":2},"title":"Mission de Christian CILAS en Guadeloupe \u2013 23 au 25 octobre 2017","date":"25 octobre 2017","format":false,"excerpt":"Christian CILAS, le responsable de la fili\u00e8re cacao du CIRAD, a effectu\u00e9 des visites sur le terrain aupr\u00e8s des producteurs et planteurs de cacao en Guadeloupe et en Ha\u00efti dans le cadre du lancement du projet RECAVACA. La mission a eu lieu en Guadeloupe, du 23 au 25 octobre. Plusieurs\u2026","rel":"","context":"Dans &quot;Rapport&quot;","img":{"alt_text":"","src":"https:\/\/i0.wp.com\/recavaca.com\/wp-content\/uploads\/2018\/04\/Cilas-Barul-Conzett-Bharath-Griveli\u00c3\u00a8re-oct.-2017-1024x768.jpg?resize=350%2C200&ssl=1","width":350,"height":200},"classes":[]},{"id":1452,"url":"https:\/\/recavaca.com\/index.php\/2018\/10\/19\/du-nouveau-pour-recavaca\/","url_meta":{"origin":1481,"position":3},"title":"Du nouveau pour RECAVACA","date":"19 octobre 2018","format":false,"excerpt":"En ce mois d\u2019octobre 2018, plusieurs \u00e9v\u00e8nements font l\u2019actualit\u00e9 du projet RECAVACA. Ce mercredi 17, le VSC L\u00e9onard Normand engag\u00e9 par l'AGED a pr\u00e9sent\u00e9 les r\u00e9sultats de son \u00e9tude d\u2019une dur\u00e9e de 2 mois \u00ab\u00a0\u00e0 la rencontre des producteurs de cacao en Guadeloupe\u00a0\u00bb o\u00f9 il a visit\u00e9 33 producteurs et\u2026","rel":"","context":"Dans &quot;Rapport&quot;","img":{"alt_text":"","src":"https:\/\/i0.wp.com\/recavaca.com\/wp-content\/uploads\/2018\/10\/Sans-titre.png?fit=675%2C532&ssl=1&resize=350%2C200","width":350,"height":200},"classes":[]},{"id":1394,"url":"https:\/\/recavaca.com\/index.php\/2018\/06\/18\/presentation-des-missions-la-mje-aequum\/","url_meta":{"origin":1481,"position":4},"title":"Pr\u00e9sentation des missions la MJE AEQUUM","date":"18 juin 2018","format":false,"excerpt":"Ce mercredi 13 Juin 2018 a eu lieu la r\u00e9union de pr\u00e9sentation de deux nouveaux arrivants sur le projet RECAVACA. L\u00e9onard Normand, en service civique \u00e0 l\u2019association AGED, ainsi qu\u2019un groupe de trois \u00e9tudiants de l\u2019ISTOM, l\u2019\u00e9cole sup\u00e9rieure d'agro-d\u00e9veloppement international. La r\u00e9union a eu lieu dans les locaux de l\u2019ASSOFWI,\u2026","rel":"","context":"Dans &quot;Rapport&quot;","img":{"alt_text":"","src":"https:\/\/i0.wp.com\/recavaca.com\/wp-content\/uploads\/2018\/06\/P1080393-1024x683.jpg?resize=350%2C200&ssl=1","width":350,"height":200},"classes":[]},{"id":908,"url":"https:\/\/recavaca.com\/index.php\/2017\/11\/01\/les-formations-en-processus-post-recoltes-n-durand-g-fourny-et-s-bharath\/","url_meta":{"origin":1481,"position":5},"title":"Les formations en processus post-r\u00e9coltes \u2013 N. DURAND, G. FOURNY et S. BHARATH","date":"1 novembre 2017","format":false,"excerpt":"Les objectifs de la formation en Ha\u00efti comme en Guadeloupe sont\u00a0: d\u2019am\u00e9liorer les syst\u00e8mes post r\u00e9coltes pour accro\u00eetre la valeur ajout\u00e9e de la production cacaoy\u00e8re.\u00a0Les processus post-r\u00e9coltes comprennent l\u2019ensemble des op\u00e9rations, de la r\u00e9colte \u00e0 l\u2019\u00e9cabossage, en passant par le pr\u00e9-conditionnement des f\u00e8ves, la fermentation, le s\u00e9chage, le stockage et\u2026","rel":"","context":"Dans &quot;Non class\u00e9&quot;","img":{"alt_text":"","src":"https:\/\/i0.wp.com\/recavaca.com\/wp-content\/uploads\/2017\/11\/brassage-feves-2-1024x614.jpg?resize=350%2C200&ssl=1","width":350,"height":200},"classes":[]}],"_links":{"self":[{"href":"https:\/\/recavaca.com\/index.php\/wp-json\/wp\/v2\/posts\/1481"}],"collection":[{"href":"https:\/\/recavaca.com\/index.php\/wp-json\/wp\/v2\/posts"}],"about":[{"href":"https:\/\/recavaca.com\/index.php\/wp-json\/wp\/v2\/types\/post"}],"author":[{"embeddable":true,"href":"https:\/\/recavaca.com\/index.php\/wp-json\/wp\/v2\/users\/2"}],"replies":[{"embeddable":true,"href":"https:\/\/recavaca.com\/index.php\/wp-json\/wp\/v2\/comments?post=1481"}],"version-history":[{"count":1,"href":"https:\/\/recavaca.com\/index.php\/wp-json\/wp\/v2\/posts\/1481\/revisions"}],"predecessor-version":[{"id":1485,"href":"https:\/\/recavaca.com\/index.php\/wp-json\/wp\/v2\/posts\/1481\/revisions\/1485"}],"wp:featuredmedia":[{"embeddable":true,"href":"https:\/\/recavaca.com\/index.php\/wp-json\/wp\/v2\/media\/1484"}],"wp:attachment":[{"href":"https:\/\/recavaca.com\/index.php\/wp-json\/wp\/v2\/media?parent=1481"}],"wp:term":[{"taxonomy":"category","embeddable":true,"href":"https:\/\/recavaca.com\/index.php\/wp-json\/wp\/v2\/categories?post=1481"},{"taxonomy":"post_tag","embeddable":true,"href":"https:\/\/recavaca.com\/index.php\/wp-json\/wp\/v2\/tags?post=1481"}],"curies":[{"name":"wp","href":"https:\/\/api.w.org\/{rel}","templated":true}]}}