{"id":1452,"date":"2018-10-19T22:47:36","date_gmt":"2018-10-19T20:47:36","guid":{"rendered":"https:\/\/recavaca.com\/?p=1452"},"modified":"2018-10-19T22:52:11","modified_gmt":"2018-10-19T20:52:11","slug":"du-nouveau-pour-recavaca","status":"publish","type":"post","link":"https:\/\/recavaca.com\/index.php\/2018\/10\/19\/du-nouveau-pour-recavaca\/","title":{"rendered":"Du nouveau pour RECAVACA"},"content":{"rendered":"<p>En ce mois d\u2019octobre 2018, plusieurs \u00e9v\u00e8nements font l\u2019actualit\u00e9 du projet RECAVACA.<\/p>\n<p>Ce mercredi 17, le VSC L\u00e9onard Normand engag\u00e9 par l&rsquo;AGED a pr\u00e9sent\u00e9 les r\u00e9sultats de son \u00e9tude d\u2019une dur\u00e9e de 2 mois \u00ab\u00a0\u00e0 la rencontre des producteurs de cacao en Guadeloupe\u00a0\u00bb o\u00f9 il a visit\u00e9 33 producteurs et futurs producteurs de cacao. Les objectifs de cette mission \u00e9taient de\u00a0:<\/p>\n<ul>\n<li>Comprendre l\u2019\u00e9tat actuel de la fili\u00e8re \u00e0 l\u2019\u00e9chelle des agriculteurs (production, pratiques)<\/li>\n<li>Trouver d\u2019\u00e9ventuels partenaires \/ planteurs<\/li>\n<li>Faire connaitre le projet<\/li>\n<\/ul>\n<p><img data-attachment-id=\"1454\" data-permalink=\"https:\/\/recavaca.com\/index.php\/2018\/10\/19\/du-nouveau-pour-recavaca\/capture-decran-2018-10-19-a-16-19-49\/\" data-orig-file=\"https:\/\/i0.wp.com\/recavaca.com\/wp-content\/uploads\/2018\/10\/Capture-d\u2019e\u0301cran-2018-10-19-a\u0300-16.19.49.png?fit=590%2C615&amp;ssl=1\" data-orig-size=\"590,615\" data-comments-opened=\"0\" data-image-meta=\"{&quot;aperture&quot;:&quot;0&quot;,&quot;credit&quot;:&quot;&quot;,&quot;camera&quot;:&quot;&quot;,&quot;caption&quot;:&quot;&quot;,&quot;created_timestamp&quot;:&quot;0&quot;,&quot;copyright&quot;:&quot;&quot;,&quot;focal_length&quot;:&quot;0&quot;,&quot;iso&quot;:&quot;0&quot;,&quot;shutter_speed&quot;:&quot;0&quot;,&quot;title&quot;:&quot;&quot;,&quot;orientation&quot;:&quot;0&quot;}\" data-image-title=\"Capture d\u2019e\u0301cran 2018-10-19 a\u0300 16.19.49\" data-image-description=\"\" data-image-caption=\"\" data-medium-file=\"https:\/\/i0.wp.com\/recavaca.com\/wp-content\/uploads\/2018\/10\/Capture-d\u2019e\u0301cran-2018-10-19-a\u0300-16.19.49.png?fit=288%2C300&amp;ssl=1\" data-large-file=\"https:\/\/i0.wp.com\/recavaca.com\/wp-content\/uploads\/2018\/10\/Capture-d\u2019e\u0301cran-2018-10-19-a\u0300-16.19.49.png?fit=525%2C547&amp;ssl=1\" loading=\"lazy\" class=\"wp-image-1454 alignright\" src=\"https:\/\/i0.wp.com\/recavaca.com\/wp-content\/uploads\/2018\/10\/Capture-d\u2019e\u0301cran-2018-10-19-a\u0300-16.19.49.png?resize=385%2C401&#038;ssl=1\" alt=\"\" width=\"385\" height=\"401\" srcset=\"https:\/\/i0.wp.com\/recavaca.com\/wp-content\/uploads\/2018\/10\/Capture-d\u2019e\u0301cran-2018-10-19-a\u0300-16.19.49.png?resize=288%2C300&amp;ssl=1 288w, https:\/\/i0.wp.com\/recavaca.com\/wp-content\/uploads\/2018\/10\/Capture-d\u2019e\u0301cran-2018-10-19-a\u0300-16.19.49.png?w=590&amp;ssl=1 590w\" sizes=\"(max-width: 385px) 100vw, 385px\" data-recalc-dims=\"1\" \/><\/p>\n<p>Les conclusions \u00e9taient que la production actuelle de cacao en Guadeloupe est tr\u00e8s faible, que les profils de planteurs sont relativement h\u00e9t\u00e9rog\u00e8nes mais que de nombreux facteurs confirment <strong>les opportunit\u00e9s li\u00e9es au contexte de l\u2019ile<\/strong>. En effet, la demande en cacao local est impressionnante, la tendance g\u00e9n\u00e9rale est clairement \u00e0 la diversification et le terrain disponible ne manque pas.<\/p>\n<p>Cette r\u00e9union \u00e9tait l\u2019occasion de <strong>faire se rencontrer beaucoup de potentiels futurs acteurs du projet<\/strong> et en particulier les agriculteurs. Tr\u00e8s peu d\u2019informations sont disponibles concernant la culture du cacao en Guadeloupe. Cet \u00e9v\u00e8nement \u00e9tait donc une tr\u00e8s bonne opportunit\u00e9 pour les planteurs d\u2019\u00e9changer leur exp\u00e9rience, leurs pr\u00e9occupations et leurs solutions sur le th\u00e8me de la cacaoculture. Ces connexions ont \u00e9t\u00e9 tr\u00e8s productives puisque la r\u00e9union a dur\u00e9e plus de deux heures et s\u2019en est suivit de nombreux \u00e9changes de contact entre acteurs de l\u2019agriculture et de l\u2019arboriculture en Guadeloupe. Le but \u00e9tant aussi de mutualiser le savoir-faire et de f\u00e9d\u00e9rer les diff\u00e9rentes parties prenantes autour d\u2019un int\u00e9r\u00eat commun qui est de faire reconnaitre ce territoire en tant que producteur de cacao de qualit\u00e9.<\/p>\n<p>Cela permettra \u00e9galement de t<strong>enir compte des recommandations des producteurs lors de l\u2019\u00e9laboration des futurs itin\u00e9raires techniques<\/strong> mis en place dans le cadre du projet. La r\u00e9union s\u2019est effectu\u00e9e dans les locaux de l\u2019assofwi et avec l\u2019aide de la SAPCAV, tous deux partenaires du projet.<\/p>\n<p>&nbsp;<\/p>\n<p><img data-attachment-id=\"1455\" data-permalink=\"https:\/\/recavaca.com\/index.php\/2018\/10\/19\/du-nouveau-pour-recavaca\/sans-titre-2\/\" data-orig-file=\"https:\/\/i0.wp.com\/recavaca.com\/wp-content\/uploads\/2018\/10\/Sans-titre-1.png?fit=662%2C893&amp;ssl=1\" data-orig-size=\"662,893\" data-comments-opened=\"0\" data-image-meta=\"{&quot;aperture&quot;:&quot;0&quot;,&quot;credit&quot;:&quot;&quot;,&quot;camera&quot;:&quot;&quot;,&quot;caption&quot;:&quot;&quot;,&quot;created_timestamp&quot;:&quot;0&quot;,&quot;copyright&quot;:&quot;&quot;,&quot;focal_length&quot;:&quot;0&quot;,&quot;iso&quot;:&quot;0&quot;,&quot;shutter_speed&quot;:&quot;0&quot;,&quot;title&quot;:&quot;&quot;,&quot;orientation&quot;:&quot;0&quot;}\" data-image-title=\"Sans titre\" data-image-description=\"\" data-image-caption=\"\" data-medium-file=\"https:\/\/i0.wp.com\/recavaca.com\/wp-content\/uploads\/2018\/10\/Sans-titre-1.png?fit=222%2C300&amp;ssl=1\" data-large-file=\"https:\/\/i0.wp.com\/recavaca.com\/wp-content\/uploads\/2018\/10\/Sans-titre-1.png?fit=525%2C708&amp;ssl=1\" loading=\"lazy\" class=\"wp-image-1455 alignleft\" src=\"https:\/\/i0.wp.com\/recavaca.com\/wp-content\/uploads\/2018\/10\/Sans-titre-1.png?resize=280%2C378&#038;ssl=1\" alt=\"\" width=\"280\" height=\"378\" srcset=\"https:\/\/i0.wp.com\/recavaca.com\/wp-content\/uploads\/2018\/10\/Sans-titre-1.png?resize=222%2C300&amp;ssl=1 222w, https:\/\/i0.wp.com\/recavaca.com\/wp-content\/uploads\/2018\/10\/Sans-titre-1.png?w=662&amp;ssl=1 662w\" sizes=\"(max-width: 280px) 100vw, 280px\" data-recalc-dims=\"1\" \/><\/p>\n<p>Quand \u00e0 L\u00e9onard, son travail est loin d&rsquo;\u00eatre finit car il doit maintenant travailler main dans la main avec les diff\u00e9rents experts et parties prenantes du projet pour mettre en place diff\u00e9rents itin\u00e9raires techniques adapt\u00e9s \u00e0 la culture du cacao en Guadeloupe.<\/p>\n<p>Les personnes pr\u00e9sentes \u00e0 la r\u00e9union \u00e9taient invit\u00e9es \u00e0 s\u2019inscrire aux formation sur le cacao \u00e0 venir (greffe, post-r\u00e9colte, transformation\u2026) ainsi qu\u2019\u00e0 la prochaine session d\u2019analyse g\u00e9n\u00e9tique des cacaoyers de Guadeloupe. On rappelle que cette activit\u00e9 men\u00e9e en partenariat avec le CIRAD permettra de s\u00e9lectionner les vari\u00e9t\u00e9s de cacao les plus aromatiques afin de mettre en place les p\u00e9pini\u00e8res du projet \u00e0 partir des meilleures qualit\u00e9s de cacao pr\u00e9sentes sur l\u2019ile.<\/p>\n<p>&nbsp;<\/p>\n<p><img data-attachment-id=\"1456\" data-permalink=\"https:\/\/recavaca.com\/index.php\/2018\/10\/19\/du-nouveau-pour-recavaca\/sans-titre-3\/\" data-orig-file=\"https:\/\/i0.wp.com\/recavaca.com\/wp-content\/uploads\/2018\/10\/Sans-titre-2.png?fit=381%2C677&amp;ssl=1\" data-orig-size=\"381,677\" data-comments-opened=\"0\" data-image-meta=\"{&quot;aperture&quot;:&quot;0&quot;,&quot;credit&quot;:&quot;&quot;,&quot;camera&quot;:&quot;&quot;,&quot;caption&quot;:&quot;&quot;,&quot;created_timestamp&quot;:&quot;0&quot;,&quot;copyright&quot;:&quot;&quot;,&quot;focal_length&quot;:&quot;0&quot;,&quot;iso&quot;:&quot;0&quot;,&quot;shutter_speed&quot;:&quot;0&quot;,&quot;title&quot;:&quot;&quot;,&quot;orientation&quot;:&quot;0&quot;}\" data-image-title=\"Sans titre\" data-image-description=\"\" data-image-caption=\"\" data-medium-file=\"https:\/\/i0.wp.com\/recavaca.com\/wp-content\/uploads\/2018\/10\/Sans-titre-2.png?fit=169%2C300&amp;ssl=1\" data-large-file=\"https:\/\/i0.wp.com\/recavaca.com\/wp-content\/uploads\/2018\/10\/Sans-titre-2.png?fit=381%2C677&amp;ssl=1\" loading=\"lazy\" class=\"size-medium wp-image-1456 alignright\" src=\"https:\/\/i0.wp.com\/recavaca.com\/wp-content\/uploads\/2018\/10\/Sans-titre-2.png?resize=169%2C300&#038;ssl=1\" alt=\"\" width=\"169\" height=\"300\" srcset=\"https:\/\/i0.wp.com\/recavaca.com\/wp-content\/uploads\/2018\/10\/Sans-titre-2.png?resize=169%2C300&amp;ssl=1 169w, https:\/\/i0.wp.com\/recavaca.com\/wp-content\/uploads\/2018\/10\/Sans-titre-2.png?w=381&amp;ssl=1 381w\" sizes=\"(max-width: 169px) 100vw, 169px\" data-recalc-dims=\"1\" \/>Durant les deux prochaines semaines, l\u2019association Guadeloupe Equitable et Durable accueillera pour la seconde fois, Sara Barath qui nous vient de Trinidad pour f<strong>ormer les acteurs du projet \u00e0 diff\u00e9rents aspects de la transformation du cacao.<\/strong> Dans un deuxi\u00e8me temps, Christian Silas expert cacao au CIRAD viendra pr\u00e9senter les r\u00e9sultats des premi\u00e8res analyses g\u00e9n\u00e9tiques des cacaos pr\u00e9lev\u00e9s chez une 12aine de producteurs. I<strong>l effectuera par la suite de nouveaux pr\u00e9l\u00e8vements et proposera une formation sur le th\u00e8me du greffage du cacao<\/strong>. Ces \u00e9v\u00e8nements \u00e0 venir feront l\u2019objet d\u2019un prochain article.<\/p>\n<p>En attendant, les choses avancent doucement mais surement pour le cacao en Guadeloupe et \u00e7a fait plaisir car comme on dit, pas de bras, pas de chocolat\u00a0!<\/p>\n<p>A suivre\u2026<\/p>\n<p>&nbsp;<\/p>\n","protected":false},"excerpt":{"rendered":"<p>En ce mois d\u2019octobre 2018, plusieurs \u00e9v\u00e8nements font l\u2019actualit\u00e9 du projet RECAVACA. Ce mercredi 17, le VSC L\u00e9onard Normand engag\u00e9 par l&rsquo;AGED a pr\u00e9sent\u00e9 les r\u00e9sultats de son \u00e9tude d\u2019une dur\u00e9e de 2 mois \u00ab\u00a0\u00e0 la rencontre des producteurs de cacao en Guadeloupe\u00a0\u00bb o\u00f9 il a visit\u00e9 33 producteurs et futurs producteurs de cacao. Les &hellip; <\/p>\n<p class=\"link-more\"><a href=\"https:\/\/recavaca.com\/index.php\/2018\/10\/19\/du-nouveau-pour-recavaca\/\" class=\"more-link\">Continuer la lecture<span class=\"screen-reader-text\"> de &laquo;&nbsp;Du nouveau pour RECAVACA&nbsp;&raquo;<\/span><\/a><\/p>\n","protected":false},"author":2,"featured_media":1453,"comment_status":"closed","ping_status":"open","sticky":false,"template":"","format":"standard","meta":{"spay_email":"","jetpack_publicize_message":"","jetpack_is_tweetstorm":false,"jetpack_publicize_feature_enabled":true},"categories":[35],"tags":[],"yoast_head":"<!-- This site is optimized with the Yoast SEO plugin v18.1 - https:\/\/yoast.com\/wordpress\/plugins\/seo\/ -->\n<title>Du nouveau pour RECAVACA - Recavaca<\/title>\n<meta name=\"robots\" content=\"index, follow, max-snippet:-1, max-image-preview:large, max-video-preview:-1\" \/>\n<link rel=\"canonical\" href=\"https:\/\/recavaca.com\/index.php\/2018\/10\/19\/du-nouveau-pour-recavaca\/\" \/>\n<meta property=\"og:locale\" content=\"fr_FR\" \/>\n<meta property=\"og:type\" content=\"article\" \/>\n<meta property=\"og:title\" content=\"Du nouveau pour RECAVACA - Recavaca\" \/>\n<meta property=\"og:description\" content=\"En ce mois d\u2019octobre 2018, plusieurs \u00e9v\u00e8nements font l\u2019actualit\u00e9 du projet RECAVACA. Ce mercredi 17, le VSC L\u00e9onard Normand engag\u00e9 par l&rsquo;AGED a pr\u00e9sent\u00e9 les r\u00e9sultats de son \u00e9tude d\u2019une dur\u00e9e de 2 mois \u00ab\u00a0\u00e0 la rencontre des producteurs de cacao en Guadeloupe\u00a0\u00bb o\u00f9 il a visit\u00e9 33 producteurs et futurs producteurs de cacao. Les &hellip; Continuer la lecture de &laquo;&nbsp;Du nouveau pour RECAVACA&nbsp;&raquo;\" \/>\n<meta property=\"og:url\" content=\"https:\/\/recavaca.com\/index.php\/2018\/10\/19\/du-nouveau-pour-recavaca\/\" \/>\n<meta property=\"og:site_name\" content=\"Recavaca\" \/>\n<meta property=\"article:publisher\" content=\"https:\/\/www.facebook.com\/guadeloupeequitableetdurable\/\" \/>\n<meta property=\"article:author\" content=\"https:\/\/www.facebook.com\/guadeloupeequitableetdurable\/\" \/>\n<meta property=\"article:published_time\" content=\"2018-10-19T20:47:36+00:00\" \/>\n<meta property=\"article:modified_time\" content=\"2018-10-19T20:52:11+00:00\" \/>\n<meta property=\"og:image\" content=\"https:\/\/i0.wp.com\/recavaca.com\/wp-content\/uploads\/2018\/10\/Sans-titre.png?fit=675%2C532&#038;ssl=1\" \/>\n\t<meta property=\"og:image:width\" content=\"675\" \/>\n\t<meta property=\"og:image:height\" content=\"532\" \/>\n\t<meta property=\"og:image:type\" content=\"image\/png\" \/>\n<meta name=\"twitter:card\" content=\"summary_large_image\" \/>\n<meta name=\"twitter:label1\" content=\"\u00c9crit par\" \/>\n\t<meta name=\"twitter:data1\" content=\"AGED\" \/>\n\t<meta name=\"twitter:label2\" content=\"Dur\u00e9e de lecture estim\u00e9e\" \/>\n\t<meta name=\"twitter:data2\" content=\"3 minutes\" \/>\n<script type=\"application\/ld+json\" class=\"yoast-schema-graph\">{\"@context\":\"https:\/\/schema.org\",\"@graph\":[{\"@type\":\"WebSite\",\"@id\":\"https:\/\/recavaca.com\/#website\",\"url\":\"https:\/\/recavaca.com\/\",\"name\":\"Recavaca\",\"description\":\"R\u00e9seau Carib\u00e9en pour la Valorisation du Cacao\",\"potentialAction\":[{\"@type\":\"SearchAction\",\"target\":{\"@type\":\"EntryPoint\",\"urlTemplate\":\"https:\/\/recavaca.com\/?s={search_term_string}\"},\"query-input\":\"required name=search_term_string\"}],\"inLanguage\":\"fr-FR\"},{\"@type\":\"ImageObject\",\"@id\":\"https:\/\/recavaca.com\/index.php\/2018\/10\/19\/du-nouveau-pour-recavaca\/#primaryimage\",\"inLanguage\":\"fr-FR\",\"url\":\"https:\/\/i0.wp.com\/recavaca.com\/wp-content\/uploads\/2018\/10\/Sans-titre.png?fit=675%2C532&ssl=1\",\"contentUrl\":\"https:\/\/i0.wp.com\/recavaca.com\/wp-content\/uploads\/2018\/10\/Sans-titre.png?fit=675%2C532&ssl=1\",\"width\":675,\"height\":532},{\"@type\":\"WebPage\",\"@id\":\"https:\/\/recavaca.com\/index.php\/2018\/10\/19\/du-nouveau-pour-recavaca\/#webpage\",\"url\":\"https:\/\/recavaca.com\/index.php\/2018\/10\/19\/du-nouveau-pour-recavaca\/\",\"name\":\"Du nouveau pour RECAVACA - Recavaca\",\"isPartOf\":{\"@id\":\"https:\/\/recavaca.com\/#website\"},\"primaryImageOfPage\":{\"@id\":\"https:\/\/recavaca.com\/index.php\/2018\/10\/19\/du-nouveau-pour-recavaca\/#primaryimage\"},\"datePublished\":\"2018-10-19T20:47:36+00:00\",\"dateModified\":\"2018-10-19T20:52:11+00:00\",\"author\":{\"@id\":\"https:\/\/recavaca.com\/#\/schema\/person\/bdf89fafd259b168e7c991f00f591ac4\"},\"breadcrumb\":{\"@id\":\"https:\/\/recavaca.com\/index.php\/2018\/10\/19\/du-nouveau-pour-recavaca\/#breadcrumb\"},\"inLanguage\":\"fr-FR\",\"potentialAction\":[{\"@type\":\"ReadAction\",\"target\":[\"https:\/\/recavaca.com\/index.php\/2018\/10\/19\/du-nouveau-pour-recavaca\/\"]}]},{\"@type\":\"BreadcrumbList\",\"@id\":\"https:\/\/recavaca.com\/index.php\/2018\/10\/19\/du-nouveau-pour-recavaca\/#breadcrumb\",\"itemListElement\":[{\"@type\":\"ListItem\",\"position\":1,\"name\":\"Accueil\",\"item\":\"https:\/\/recavaca.com\/\"},{\"@type\":\"ListItem\",\"position\":2,\"name\":\"Du nouveau pour RECAVACA\"}]},{\"@type\":\"Person\",\"@id\":\"https:\/\/recavaca.com\/#\/schema\/person\/bdf89fafd259b168e7c991f00f591ac4\",\"name\":\"AGED\",\"image\":{\"@type\":\"ImageObject\",\"@id\":\"https:\/\/recavaca.com\/#personlogo\",\"inLanguage\":\"fr-FR\",\"url\":\"https:\/\/secure.gravatar.com\/avatar\/70f780c236055796db6e32b2e232337c?s=96&d=mm&r=g\",\"contentUrl\":\"https:\/\/secure.gravatar.com\/avatar\/70f780c236055796db6e32b2e232337c?s=96&d=mm&r=g\",\"caption\":\"AGED\"},\"sameAs\":[\"http:\/\/recavaca.com\",\"https:\/\/www.facebook.com\/guadeloupeequitableetdurable\/\"]}]}<\/script>\n<!-- \/ Yoast SEO plugin. -->","yoast_head_json":{"title":"Du nouveau pour RECAVACA - Recavaca","robots":{"index":"index","follow":"follow","max-snippet":"max-snippet:-1","max-image-preview":"max-image-preview:large","max-video-preview":"max-video-preview:-1"},"canonical":"https:\/\/recavaca.com\/index.php\/2018\/10\/19\/du-nouveau-pour-recavaca\/","og_locale":"fr_FR","og_type":"article","og_title":"Du nouveau pour RECAVACA - Recavaca","og_description":"En ce mois d\u2019octobre 2018, plusieurs \u00e9v\u00e8nements font l\u2019actualit\u00e9 du projet RECAVACA. Ce mercredi 17, le VSC L\u00e9onard Normand engag\u00e9 par l&rsquo;AGED a pr\u00e9sent\u00e9 les r\u00e9sultats de son \u00e9tude d\u2019une dur\u00e9e de 2 mois \u00ab\u00a0\u00e0 la rencontre des producteurs de cacao en Guadeloupe\u00a0\u00bb o\u00f9 il a visit\u00e9 33 producteurs et futurs producteurs de cacao. Les &hellip; Continuer la lecture de &laquo;&nbsp;Du nouveau pour RECAVACA&nbsp;&raquo;","og_url":"https:\/\/recavaca.com\/index.php\/2018\/10\/19\/du-nouveau-pour-recavaca\/","og_site_name":"Recavaca","article_publisher":"https:\/\/www.facebook.com\/guadeloupeequitableetdurable\/","article_author":"https:\/\/www.facebook.com\/guadeloupeequitableetdurable\/","article_published_time":"2018-10-19T20:47:36+00:00","article_modified_time":"2018-10-19T20:52:11+00:00","og_image":[{"width":675,"height":532,"url":"https:\/\/i0.wp.com\/recavaca.com\/wp-content\/uploads\/2018\/10\/Sans-titre.png?fit=675%2C532&ssl=1","type":"image\/png"}],"twitter_card":"summary_large_image","twitter_misc":{"\u00c9crit par":"AGED","Dur\u00e9e de lecture estim\u00e9e":"3 minutes"},"schema":{"@context":"https:\/\/schema.org","@graph":[{"@type":"WebSite","@id":"https:\/\/recavaca.com\/#website","url":"https:\/\/recavaca.com\/","name":"Recavaca","description":"R\u00e9seau Carib\u00e9en pour la Valorisation du Cacao","potentialAction":[{"@type":"SearchAction","target":{"@type":"EntryPoint","urlTemplate":"https:\/\/recavaca.com\/?s={search_term_string}"},"query-input":"required name=search_term_string"}],"inLanguage":"fr-FR"},{"@type":"ImageObject","@id":"https:\/\/recavaca.com\/index.php\/2018\/10\/19\/du-nouveau-pour-recavaca\/#primaryimage","inLanguage":"fr-FR","url":"https:\/\/i0.wp.com\/recavaca.com\/wp-content\/uploads\/2018\/10\/Sans-titre.png?fit=675%2C532&ssl=1","contentUrl":"https:\/\/i0.wp.com\/recavaca.com\/wp-content\/uploads\/2018\/10\/Sans-titre.png?fit=675%2C532&ssl=1","width":675,"height":532},{"@type":"WebPage","@id":"https:\/\/recavaca.com\/index.php\/2018\/10\/19\/du-nouveau-pour-recavaca\/#webpage","url":"https:\/\/recavaca.com\/index.php\/2018\/10\/19\/du-nouveau-pour-recavaca\/","name":"Du nouveau pour RECAVACA - Recavaca","isPartOf":{"@id":"https:\/\/recavaca.com\/#website"},"primaryImageOfPage":{"@id":"https:\/\/recavaca.com\/index.php\/2018\/10\/19\/du-nouveau-pour-recavaca\/#primaryimage"},"datePublished":"2018-10-19T20:47:36+00:00","dateModified":"2018-10-19T20:52:11+00:00","author":{"@id":"https:\/\/recavaca.com\/#\/schema\/person\/bdf89fafd259b168e7c991f00f591ac4"},"breadcrumb":{"@id":"https:\/\/recavaca.com\/index.php\/2018\/10\/19\/du-nouveau-pour-recavaca\/#breadcrumb"},"inLanguage":"fr-FR","potentialAction":[{"@type":"ReadAction","target":["https:\/\/recavaca.com\/index.php\/2018\/10\/19\/du-nouveau-pour-recavaca\/"]}]},{"@type":"BreadcrumbList","@id":"https:\/\/recavaca.com\/index.php\/2018\/10\/19\/du-nouveau-pour-recavaca\/#breadcrumb","itemListElement":[{"@type":"ListItem","position":1,"name":"Accueil","item":"https:\/\/recavaca.com\/"},{"@type":"ListItem","position":2,"name":"Du nouveau pour RECAVACA"}]},{"@type":"Person","@id":"https:\/\/recavaca.com\/#\/schema\/person\/bdf89fafd259b168e7c991f00f591ac4","name":"AGED","image":{"@type":"ImageObject","@id":"https:\/\/recavaca.com\/#personlogo","inLanguage":"fr-FR","url":"https:\/\/secure.gravatar.com\/avatar\/70f780c236055796db6e32b2e232337c?s=96&d=mm&r=g","contentUrl":"https:\/\/secure.gravatar.com\/avatar\/70f780c236055796db6e32b2e232337c?s=96&d=mm&r=g","caption":"AGED"},"sameAs":["http:\/\/recavaca.com","https:\/\/www.facebook.com\/guadeloupeequitableetdurable\/"]}]}},"jetpack_featured_media_url":"https:\/\/i0.wp.com\/recavaca.com\/wp-content\/uploads\/2018\/10\/Sans-titre.png?fit=675%2C532&ssl=1","jetpack_publicize_connections":[],"jetpack_sharing_enabled":true,"jetpack_shortlink":"https:\/\/wp.me\/p9QgSb-nq","jetpack-related-posts":[{"id":1464,"url":"https:\/\/recavaca.com\/index.php\/2018\/11\/13\/rapport-jeunes-experts-istom-etude-de-la-filiere-cacao-guadeloupeenne\/","url_meta":{"origin":1452,"position":0},"title":"Rapport Jeunes experts ISTOM &#8211; ETUDE DE LA FILIE\u0300RE CACAO GUADELOUPE\u0301ENNE","date":"13 novembre 2018","format":false,"excerpt":"Comment p\u00e9renniser la dynamique naissante des acteurs de la fili\u00e8re cacao dans la perspective d\u2019une valorisation ? Trois \u00e9tudiants de la Mission Jeunes Experts de l\u2019ISTOM \u00e9taient en mission aupr\u00e8s de l\u2019AGED du 6 juin au 23 juillet 2018 afin de r\u00e9aliser une \u00e9tude sur les formes de valorisation possible\u2026","rel":"","context":"Dans &quot;Cacao&quot;","img":{"alt_text":"","src":"https:\/\/i0.wp.com\/recavaca.com\/wp-content\/uploads\/2018\/11\/45480491_10156571158920482_7315410588874571776_o.jpg?fit=1200%2C800&ssl=1&resize=350%2C200","width":350,"height":200},"classes":[]},{"id":592,"url":"https:\/\/recavaca.com\/index.php\/2017\/10\/25\/rapport-de-mission-wp-n1\/","url_meta":{"origin":1452,"position":1},"title":"Mission de Christian CILAS en Guadeloupe \u2013 23 au 25 octobre 2017","date":"25 octobre 2017","format":false,"excerpt":"Christian CILAS, le responsable de la fili\u00e8re cacao du CIRAD, a effectu\u00e9 des visites sur le terrain aupr\u00e8s des producteurs et planteurs de cacao en Guadeloupe et en Ha\u00efti dans le cadre du lancement du projet RECAVACA. La mission a eu lieu en Guadeloupe, du 23 au 25 octobre. Plusieurs\u2026","rel":"","context":"Dans &quot;Rapport&quot;","img":{"alt_text":"","src":"https:\/\/i0.wp.com\/recavaca.com\/wp-content\/uploads\/2018\/04\/Cilas-Barul-Conzett-Bharath-Griveli\u00c3\u00a8re-oct.-2017-1024x768.jpg?resize=350%2C200&ssl=1","width":350,"height":200},"classes":[]},{"id":908,"url":"https:\/\/recavaca.com\/index.php\/2017\/11\/01\/les-formations-en-processus-post-recoltes-n-durand-g-fourny-et-s-bharath\/","url_meta":{"origin":1452,"position":2},"title":"Les formations en processus post-r\u00e9coltes \u2013 N. DURAND, G. FOURNY et S. BHARATH","date":"1 novembre 2017","format":false,"excerpt":"Les objectifs de la formation en Ha\u00efti comme en Guadeloupe sont\u00a0: d\u2019am\u00e9liorer les syst\u00e8mes post r\u00e9coltes pour accro\u00eetre la valeur ajout\u00e9e de la production cacaoy\u00e8re.\u00a0Les processus post-r\u00e9coltes comprennent l\u2019ensemble des op\u00e9rations, de la r\u00e9colte \u00e0 l\u2019\u00e9cabossage, en passant par le pr\u00e9-conditionnement des f\u00e8ves, la fermentation, le s\u00e9chage, le stockage et\u2026","rel":"","context":"Dans &quot;Non class\u00e9&quot;","img":{"alt_text":"","src":"https:\/\/i0.wp.com\/recavaca.com\/wp-content\/uploads\/2017\/11\/brassage-feves-2-1024x614.jpg?resize=350%2C200&ssl=1","width":350,"height":200},"classes":[]},{"id":1394,"url":"https:\/\/recavaca.com\/index.php\/2018\/06\/18\/presentation-des-missions-la-mje-aequum\/","url_meta":{"origin":1452,"position":3},"title":"Pr\u00e9sentation des missions la MJE AEQUUM","date":"18 juin 2018","format":false,"excerpt":"Ce mercredi 13 Juin 2018 a eu lieu la r\u00e9union de pr\u00e9sentation de deux nouveaux arrivants sur le projet RECAVACA. L\u00e9onard Normand, en service civique \u00e0 l\u2019association AGED, ainsi qu\u2019un groupe de trois \u00e9tudiants de l\u2019ISTOM, l\u2019\u00e9cole sup\u00e9rieure d'agro-d\u00e9veloppement international. La r\u00e9union a eu lieu dans les locaux de l\u2019ASSOFWI,\u2026","rel":"","context":"Dans &quot;Rapport&quot;","img":{"alt_text":"","src":"https:\/\/i0.wp.com\/recavaca.com\/wp-content\/uploads\/2018\/06\/P1080393-1024x683.jpg?resize=350%2C200&ssl=1","width":350,"height":200},"classes":[]},{"id":1503,"url":"https:\/\/recavaca.com\/index.php\/2019\/05\/08\/propager-les-cacaoyers-les-plus-interessants-par-la-technique-du-greffage\/","url_meta":{"origin":1452,"position":4},"title":"Propager les cacaoyers les plus int\u00e9ressants par la technique du greffage","date":"8 mai 2019","format":false,"excerpt":"Dans le cadre du projet RECAVACA, des analyses g\u00e9n\u00e9tiques des cacaoyers de Guadeloupe ont \u00e9t\u00e9 r\u00e9alis\u00e9es suite \u00e0 deux missions de terrain de pr\u00e9l\u00e8vement des feuilles de cacaoyers men\u00e9es par l'expert du CIRAD, Christian CILAS, en novembre et en avril 2018. Objectifs et r\u00e9sultats de la mission du CIRAD Effectivement,\u2026","rel":"","context":"Dans &quot;Non class\u00e9&quot;","img":{"alt_text":"","src":"https:\/\/i0.wp.com\/recavaca.com\/wp-content\/uploads\/2019\/05\/52501618_239656633651527_3819820969623552000_n.jpg?fit=1052%2C780&ssl=1&resize=350%2C200","width":350,"height":200},"classes":[]},{"id":76,"url":"https:\/\/recavaca.com\/index.php\/2017\/11\/01\/test\/","url_meta":{"origin":1452,"position":5},"title":"Visite du domaine de la Griveli\u00e8re","date":"1 novembre 2017","format":false,"excerpt":"\u00a0 \u00a0 \u00a0C'est loin du bruit de la ville et berc\u00e9s par les flots de la rivi\u00e8re de Vieux-Habitants que nous avons fait la rencontre de Mr Chavoudiga, directeur du domaine de la Griveli\u00e8re, afin d'en savoir un peu plus sur le cacao en Guadeloupe et le fonctionnement du site.\u2026","rel":"","context":"Dans &quot;Ev\u00e9nement&quot;","img":{"alt_text":"","src":"","width":0,"height":0},"classes":[]}],"_links":{"self":[{"href":"https:\/\/recavaca.com\/index.php\/wp-json\/wp\/v2\/posts\/1452"}],"collection":[{"href":"https:\/\/recavaca.com\/index.php\/wp-json\/wp\/v2\/posts"}],"about":[{"href":"https:\/\/recavaca.com\/index.php\/wp-json\/wp\/v2\/types\/post"}],"author":[{"embeddable":true,"href":"https:\/\/recavaca.com\/index.php\/wp-json\/wp\/v2\/users\/2"}],"replies":[{"embeddable":true,"href":"https:\/\/recavaca.com\/index.php\/wp-json\/wp\/v2\/comments?post=1452"}],"version-history":[{"count":5,"href":"https:\/\/recavaca.com\/index.php\/wp-json\/wp\/v2\/posts\/1452\/revisions"}],"predecessor-version":[{"id":1461,"href":"https:\/\/recavaca.com\/index.php\/wp-json\/wp\/v2\/posts\/1452\/revisions\/1461"}],"wp:featuredmedia":[{"embeddable":true,"href":"https:\/\/recavaca.com\/index.php\/wp-json\/wp\/v2\/media\/1453"}],"wp:attachment":[{"href":"https:\/\/recavaca.com\/index.php\/wp-json\/wp\/v2\/media?parent=1452"}],"wp:term":[{"taxonomy":"category","embeddable":true,"href":"https:\/\/recavaca.com\/index.php\/wp-json\/wp\/v2\/categories?post=1452"},{"taxonomy":"post_tag","embeddable":true,"href":"https:\/\/recavaca.com\/index.php\/wp-json\/wp\/v2\/tags?post=1452"}],"curies":[{"name":"wp","href":"https:\/\/api.w.org\/{rel}","templated":true}]}}