{"id":1394,"date":"2018-06-18T16:28:21","date_gmt":"2018-06-18T14:28:21","guid":{"rendered":"https:\/\/recavaca.com\/?p=1394"},"modified":"2018-06-19T16:20:29","modified_gmt":"2018-06-19T14:20:29","slug":"presentation-des-missions-la-mje-aequum","status":"publish","type":"post","link":"https:\/\/recavaca.com\/index.php\/2018\/06\/18\/presentation-des-missions-la-mje-aequum\/","title":{"rendered":"Pr\u00e9sentation des missions la MJE AEQUUM"},"content":{"rendered":"<p style=\"text-align: justify;\">Ce mercredi 13 Juin 2018 a eu lieu la r\u00e9union de pr\u00e9sentation de deux nouveaux arrivants sur le projet RECAVACA. L\u00e9onard Normand, en service civique \u00e0 l\u2019association AGED, ainsi qu\u2019un groupe de trois \u00e9tudiants de l\u2019ISTOM, l\u2019\u00e9cole sup\u00e9rieure d&rsquo;agro-d\u00e9veloppement international.<!--more--><\/p>\n<p style=\"text-align: justify;\">La r\u00e9union a eu lieu dans les locaux de l\u2019ASSOFWI, association partenaire du projet. Diff\u00e9rents acteurs \u00e9taient pr\u00e9sents&nbsp;: B. Vainqueur, Pr\u00e9sidente de l\u2019AGED&nbsp;; G. Berry et M. Cassu, respectivement Pr\u00e9sident et animatrice de la SAPCAV&nbsp;; J.-M. Petit, Vice-Pr\u00e9sident de l\u2019ASSOFWI\/SAPCAV&nbsp;; des membres de l\u2019\u00e9quipe technique de l\u2019ASSOFWI ainsi que des producteurs.<\/p>\n<p><img data-attachment-id=\"1395\" data-permalink=\"https:\/\/recavaca.com\/index.php\/2018\/06\/18\/presentation-des-missions-la-mje-aequum\/attachment\/0\/\" data-orig-file=\"https:\/\/i0.wp.com\/recavaca.com\/wp-content\/uploads\/2018\/06\/0.jpg?fit=400%2C400&amp;ssl=1\" data-orig-size=\"400,400\" data-comments-opened=\"0\" data-image-meta=\"{&quot;aperture&quot;:&quot;0&quot;,&quot;credit&quot;:&quot;&quot;,&quot;camera&quot;:&quot;&quot;,&quot;caption&quot;:&quot;&quot;,&quot;created_timestamp&quot;:&quot;0&quot;,&quot;copyright&quot;:&quot;&quot;,&quot;focal_length&quot;:&quot;0&quot;,&quot;iso&quot;:&quot;0&quot;,&quot;shutter_speed&quot;:&quot;0&quot;,&quot;title&quot;:&quot;&quot;,&quot;orientation&quot;:&quot;0&quot;}\" data-image-title=\"0\" data-image-description=\"\" data-image-caption=\"\" data-medium-file=\"https:\/\/i0.wp.com\/recavaca.com\/wp-content\/uploads\/2018\/06\/0.jpg?fit=300%2C300&amp;ssl=1\" data-large-file=\"https:\/\/i0.wp.com\/recavaca.com\/wp-content\/uploads\/2018\/06\/0.jpg?fit=400%2C400&amp;ssl=1\" loading=\"lazy\" class=\"wp-image-1395 size-thumbnail alignright\" style=\"text-align: justify;\" src=\"https:\/\/i0.wp.com\/recavaca.com\/wp-content\/uploads\/2018\/06\/0.jpg?resize=150%2C150&#038;ssl=1\" alt=\"\" width=\"150\" height=\"150\" srcset=\"https:\/\/i0.wp.com\/recavaca.com\/wp-content\/uploads\/2018\/06\/0.jpg?resize=150%2C150&amp;ssl=1 150w, https:\/\/i0.wp.com\/recavaca.com\/wp-content\/uploads\/2018\/06\/0.jpg?resize=300%2C300&amp;ssl=1 300w, https:\/\/i0.wp.com\/recavaca.com\/wp-content\/uploads\/2018\/06\/0.jpg?resize=100%2C100&amp;ssl=1 100w, https:\/\/i0.wp.com\/recavaca.com\/wp-content\/uploads\/2018\/06\/0.jpg?w=400&amp;ssl=1 400w\" sizes=\"(max-width: 150px) 100vw, 150px\" data-recalc-dims=\"1\" \/><\/p>\n<p style=\"text-align: justify;\">L\u00e9onard Normand,&nbsp;<span style=\"font-size: 1rem;\">Ambassadeur des actions de <\/span>d\u00e9veloppement<span style=\"font-size: 1rem;\">&nbsp;durable&nbsp;<\/span>et pr\u00e9sent pour 8 mois, a pu pr\u00e9ciser&nbsp;les missions qu\u2019il devra mettre en place durant les prochains mois, celles-ci s\u2019articulent autour de trois axes&nbsp;:<\/p>\n<ul class=\"ili-indent\">\n<li>Recensement des agro-forestiers sur le territoire et conception d\u2019itin\u00e9raires techniques en fonction des diff\u00e9rentes typologies d&rsquo;exploitations&nbsp;;&nbsp;&nbsp;<\/li>\n<\/ul>\n<ul class=\"ili-indent\">\n<li>Mise en place d\u2019un cahier des charges qui r\u00e9f\u00e9rencie les bonnes pratiques agronomiques \u00e0 suivre pour la production agro-\u00e9cologique du cacao&nbsp;;&nbsp;<\/li>\n<\/ul>\n<ul class=\"ili-indent\">\n<li>Actions d\u2019animation et de sensibilisation mises en place dans le cadre de manifestations d\u00e9di\u00e9es \u00e0 l\u2019environnement et \u00e0 la solidarit\u00e9 internationale&nbsp;;<\/li>\n<\/ul>\n<ul class=\"ili-indent\">\n<li>Mise en place d\u2019outils p\u00e9dagogiques pour \u00e9duquer au respect et \u00e0 la protection de l\u2019environnement.<\/li>\n<\/ul>\n<p style=\"text-align: justify;\"><img data-attachment-id=\"1397\" data-permalink=\"https:\/\/recavaca.com\/index.php\/2018\/06\/18\/presentation-des-missions-la-mje-aequum\/p1080391\/\" data-orig-file=\"https:\/\/i0.wp.com\/recavaca.com\/wp-content\/uploads\/2018\/06\/P1080391.jpg?fit=3264%2C2176&amp;ssl=1\" data-orig-size=\"3264,2176\" data-comments-opened=\"0\" data-image-meta=\"{&quot;aperture&quot;:&quot;3.3&quot;,&quot;credit&quot;:&quot;&quot;,&quot;camera&quot;:&quot;DMC-TZ55&quot;,&quot;caption&quot;:&quot;&quot;,&quot;created_timestamp&quot;:&quot;1528921992&quot;,&quot;copyright&quot;:&quot;&quot;,&quot;focal_length&quot;:&quot;4.3&quot;,&quot;iso&quot;:&quot;1600&quot;,&quot;shutter_speed&quot;:&quot;0.00625&quot;,&quot;title&quot;:&quot;&quot;,&quot;orientation&quot;:&quot;1&quot;}\" data-image-title=\"P1080391\" data-image-description=\"\" data-image-caption=\"\" data-medium-file=\"https:\/\/i0.wp.com\/recavaca.com\/wp-content\/uploads\/2018\/06\/P1080391.jpg?fit=300%2C200&amp;ssl=1\" data-large-file=\"https:\/\/i0.wp.com\/recavaca.com\/wp-content\/uploads\/2018\/06\/P1080391.jpg?fit=525%2C350&amp;ssl=1\" loading=\"lazy\" class=\"size-medium wp-image-1397 alignleft\" style=\"text-align: start;\" src=\"https:\/\/i0.wp.com\/recavaca.com\/wp-content\/uploads\/2018\/06\/P1080391.jpg?resize=300%2C200&#038;ssl=1\" alt=\"\" width=\"300\" height=\"200\" srcset=\"https:\/\/i0.wp.com\/recavaca.com\/wp-content\/uploads\/2018\/06\/P1080391.jpg?resize=300%2C200&amp;ssl=1 300w, https:\/\/i0.wp.com\/recavaca.com\/wp-content\/uploads\/2018\/06\/P1080391.jpg?resize=768%2C512&amp;ssl=1 768w, https:\/\/i0.wp.com\/recavaca.com\/wp-content\/uploads\/2018\/06\/P1080391.jpg?resize=1024%2C683&amp;ssl=1 1024w, https:\/\/i0.wp.com\/recavaca.com\/wp-content\/uploads\/2018\/06\/P1080391.jpg?w=1575&amp;ssl=1 1575w\" sizes=\"(max-width: 300px) 100vw, 300px\" data-recalc-dims=\"1\" \/>La deuxi\u00e8me partie de la r\u00e9union fut d\u00e9di\u00e9e aux \u00e9tudiants de l\u2019ISTOM. Ces \u00e9tudiants en sont \u00e0 leurs quatri\u00e8me ann\u00e9e de formation. Au cours desquelles ils ont eu l\u2019opportunit\u00e9 au cours des derni\u00e8res ann\u00e9es d\u2019effectuer diverses missions (ferme permacole, exploitation de spiruline, coop\u00e9rative d\u2019achat-vente de f\u00e8ves s\u00e8ches de cacao) leurs permettant d\u2019obtenir une grande exp\u00e9rience sur le terrain.<\/p>\n<p style=\"text-align: justify;\">Ils font partie de la Mission Jeunes Experts AEQUUM, qui est un groupe de 9 \u00e9tudiants (6 en Ha\u00efti et 3 en Guadeloupe). Durant un an ils ont eu diff\u00e9rents types d\u2019exercices (cr\u00e9ation d\u2019un Business Plan, recherche de commanditaire et de fonds, etc). Ils sont donc pr\u00e9sents sur ces territoires pour faire une expertise de terrain, avec l\u2019accompagnement d\u2019un expert.<\/p>\n<p style=\"text-align: justify;\">Dans le cadre du projet RECAVACA, leurs objectifs de missions s\u2019inscrivent dans deux cadres&nbsp;:<\/p>\n<ul class=\"ili-indent\">\n<li><strong>Ha\u00efti&nbsp;:<\/strong> Analyser et am\u00e9liorer le fonctionnement de 5 coop\u00e9ratives de cacao dans la perspective de la certification biologique et commerce \u00e9quitable&nbsp;;<\/li>\n<\/ul>\n<ul class=\"ili-indent\">\n<li><strong>Guadeloupe&nbsp;: <\/strong>Investiguer comment f\u00e9d\u00e9rer l\u2019ensemble des acteurs de la fili\u00e8re cacao dans la perspective d\u2019un label.<\/li>\n<\/ul>\n<p style=\"text-align: justify;\">Pour ce faire, ils vont r\u00e9aliser, durant un mois et demi, un grand nombre d\u2019entretiens individuels aupr\u00e8s des diff\u00e9rents acteurs de la fili\u00e8re cacao (producteurs, associations, chocolatiers), ou aupr\u00e8s de personnes ne souhaitant justement pas en faire partie.<\/p>\n<p style=\"text-align: justify;\">Les r\u00e9sultats qui seront tir\u00e9s des entretiens, de la bibliographie, et de leurs observations directes seront pr\u00e9sent\u00e9es \u00e0 terme de leurs missions durant une r\u00e9union qui aura lieu le Vendredi 20 Juillet 2018.<\/p>\n<p style=\"text-align: justify;\">Ensuite a eu lieu des \u00e9changes entre les \u00e9tudiants de l\u2019ISTOM et les acteurs pr\u00e9sents, afin d\u2019approfondir les d\u00e9tails de leurs missions. Notamment sur la r\u00e9alisation de leurs entretiens, ils s\u2019adapteront aux disponibilit\u00e9s d\u2019horaires et de lieux des interview\u00e9s, les entretiens seront semi-directifs et il n\u2019y aura pas de dur\u00e9e fixe \u00e0 l\u2019entretien.<\/p>\n<p style=\"text-align: justify;\">Dans un premier temps, ils souhaitent faire une premi\u00e8re base de donn\u00e9e de personne \u00e0 contacter qu\u2019ils alimenteront au fur et \u00e0 mesure.<\/p>\n<p style=\"text-align: justify;\">Ensuite viennent les entretiens. Ils n\u2019ont pas d\u2019objectif maximal d\u2019entretiens, ils souhaitent en faire le plus possible. Que ce soit avec des personnes diff\u00e9rentes, ou de refaire un entretien d\u00e9j\u00e0 effectu\u00e9 pour approfondir certains points tout en maximisant la diversit\u00e9 des personnes interview\u00e9es (producteurs, transformateurs,\u2026).<\/p>\n<p style=\"text-align: justify;\">La probl\u00e9matique du label a aussi soulev\u00e9 diff\u00e9rence questions :&nbsp; quelle est sa pertinence ? qui est demandeur ? un label unique pour le cacao ou plut\u00f4t global \u00e0 la Guadeloupe&nbsp;? N&rsquo;y a t-il pas d\u00e9j\u00e0 suffisamment de label sur le march\u00e9 ?<\/p>\n<p style=\"text-align: justify;\">La notion d\u2019un label pour regrouper les gens autour d\u2019un projet commun plut\u00f4t que de donner une \u00e9tiquette bio a \u00e9t\u00e9 \u00e9mise.<\/p>\n<p style=\"text-align: justify;\">La r\u00e9union s\u2019est termin\u00e9e par la prise de rendez-vous avec les personnes pr\u00e9sentes souhaitant r\u00e9pondre aux questions des \u00e9tudiants.<\/p>\n<p style=\"text-align: justify;\"><img data-attachment-id=\"1399\" data-permalink=\"https:\/\/recavaca.com\/index.php\/2018\/06\/18\/presentation-des-missions-la-mje-aequum\/p1080393\/\" data-orig-file=\"https:\/\/i0.wp.com\/recavaca.com\/wp-content\/uploads\/2018\/06\/P1080393.jpg?fit=3264%2C2176&amp;ssl=1\" data-orig-size=\"3264,2176\" data-comments-opened=\"0\" data-image-meta=\"{&quot;aperture&quot;:&quot;3.3&quot;,&quot;credit&quot;:&quot;&quot;,&quot;camera&quot;:&quot;DMC-TZ55&quot;,&quot;caption&quot;:&quot;&quot;,&quot;created_timestamp&quot;:&quot;1528924942&quot;,&quot;copyright&quot;:&quot;&quot;,&quot;focal_length&quot;:&quot;4.3&quot;,&quot;iso&quot;:&quot;800&quot;,&quot;shutter_speed&quot;:&quot;0.0125&quot;,&quot;title&quot;:&quot;&quot;,&quot;orientation&quot;:&quot;1&quot;}\" data-image-title=\"P1080393\" data-image-description=\"\" data-image-caption=\"\" data-medium-file=\"https:\/\/i0.wp.com\/recavaca.com\/wp-content\/uploads\/2018\/06\/P1080393.jpg?fit=300%2C200&amp;ssl=1\" data-large-file=\"https:\/\/i0.wp.com\/recavaca.com\/wp-content\/uploads\/2018\/06\/P1080393.jpg?fit=525%2C350&amp;ssl=1\" loading=\"lazy\" class=\"aligncenter wp-image-1399 size-large\" src=\"https:\/\/i0.wp.com\/recavaca.com\/wp-content\/uploads\/2018\/06\/P1080393.jpg?resize=525%2C350&#038;ssl=1\" alt=\"\" width=\"525\" height=\"350\" srcset=\"https:\/\/i0.wp.com\/recavaca.com\/wp-content\/uploads\/2018\/06\/P1080393.jpg?resize=1024%2C683&amp;ssl=1 1024w, https:\/\/i0.wp.com\/recavaca.com\/wp-content\/uploads\/2018\/06\/P1080393.jpg?resize=300%2C200&amp;ssl=1 300w, https:\/\/i0.wp.com\/recavaca.com\/wp-content\/uploads\/2018\/06\/P1080393.jpg?resize=768%2C512&amp;ssl=1 768w, https:\/\/i0.wp.com\/recavaca.com\/wp-content\/uploads\/2018\/06\/P1080393.jpg?w=1575&amp;ssl=1 1575w\" sizes=\"(max-width: 525px) 100vw, 525px\" data-recalc-dims=\"1\" \/><\/p>\n","protected":false},"excerpt":{"rendered":"<p>Ce mercredi 13 Juin 2018 a eu lieu la r\u00e9union de pr\u00e9sentation de deux nouveaux arrivants sur le projet RECAVACA. L\u00e9onard Normand, en service civique \u00e0 l\u2019association AGED, ainsi qu\u2019un groupe de trois \u00e9tudiants de l\u2019ISTOM, l\u2019\u00e9cole sup\u00e9rieure d&rsquo;agro-d\u00e9veloppement international.<\/p>\n","protected":false},"author":3,"featured_media":0,"comment_status":"closed","ping_status":"open","sticky":false,"template":"","format":"standard","meta":{"spay_email":"","jetpack_publicize_message":"","jetpack_is_tweetstorm":false,"jetpack_publicize_feature_enabled":true},"categories":[35],"tags":[],"yoast_head":"<!-- This site is optimized with the Yoast SEO plugin v18.1 - https:\/\/yoast.com\/wordpress\/plugins\/seo\/ -->\n<title>Pr\u00e9sentation des missions la MJE AEQUUM - Recavaca<\/title>\n<meta name=\"robots\" content=\"index, follow, max-snippet:-1, max-image-preview:large, max-video-preview:-1\" \/>\n<link rel=\"canonical\" href=\"https:\/\/recavaca.com\/index.php\/2018\/06\/18\/presentation-des-missions-la-mje-aequum\/\" \/>\n<meta property=\"og:locale\" content=\"fr_FR\" \/>\n<meta property=\"og:type\" content=\"article\" \/>\n<meta property=\"og:title\" content=\"Pr\u00e9sentation des missions la MJE AEQUUM - Recavaca\" \/>\n<meta property=\"og:description\" content=\"Ce mercredi 13 Juin 2018 a eu lieu la r\u00e9union de pr\u00e9sentation de deux nouveaux arrivants sur le projet RECAVACA. L\u00e9onard Normand, en service civique \u00e0 l\u2019association AGED, ainsi qu\u2019un groupe de trois \u00e9tudiants de l\u2019ISTOM, l\u2019\u00e9cole sup\u00e9rieure d&rsquo;agro-d\u00e9veloppement international.\" \/>\n<meta property=\"og:url\" content=\"https:\/\/recavaca.com\/index.php\/2018\/06\/18\/presentation-des-missions-la-mje-aequum\/\" \/>\n<meta property=\"og:site_name\" content=\"Recavaca\" \/>\n<meta property=\"article:publisher\" content=\"https:\/\/www.facebook.com\/guadeloupeequitableetdurable\/\" \/>\n<meta property=\"article:published_time\" content=\"2018-06-18T14:28:21+00:00\" \/>\n<meta property=\"article:modified_time\" content=\"2018-06-19T14:20:29+00:00\" \/>\n<meta property=\"og:image\" content=\"https:\/\/recavaca.com\/wp-content\/uploads\/2018\/06\/0-150x150.jpg\" \/>\n<meta name=\"twitter:card\" content=\"summary_large_image\" \/>\n<meta name=\"twitter:label1\" content=\"\u00c9crit par\" \/>\n\t<meta name=\"twitter:data1\" content=\"Adrien S.\" \/>\n\t<meta name=\"twitter:label2\" content=\"Dur\u00e9e de lecture estim\u00e9e\" \/>\n\t<meta name=\"twitter:data2\" content=\"4 minutes\" \/>\n<script type=\"application\/ld+json\" class=\"yoast-schema-graph\">{\"@context\":\"https:\/\/schema.org\",\"@graph\":[{\"@type\":\"WebSite\",\"@id\":\"https:\/\/recavaca.com\/#website\",\"url\":\"https:\/\/recavaca.com\/\",\"name\":\"Recavaca\",\"description\":\"R\u00e9seau Carib\u00e9en pour la Valorisation du Cacao\",\"potentialAction\":[{\"@type\":\"SearchAction\",\"target\":{\"@type\":\"EntryPoint\",\"urlTemplate\":\"https:\/\/recavaca.com\/?s={search_term_string}\"},\"query-input\":\"required name=search_term_string\"}],\"inLanguage\":\"fr-FR\"},{\"@type\":\"ImageObject\",\"@id\":\"https:\/\/recavaca.com\/index.php\/2018\/06\/18\/presentation-des-missions-la-mje-aequum\/#primaryimage\",\"inLanguage\":\"fr-FR\",\"url\":\"https:\/\/i0.wp.com\/recavaca.com\/wp-content\/uploads\/2018\/06\/0.jpg?fit=400%2C400&ssl=1\",\"contentUrl\":\"https:\/\/i0.wp.com\/recavaca.com\/wp-content\/uploads\/2018\/06\/0.jpg?fit=400%2C400&ssl=1\",\"width\":400,\"height\":400},{\"@type\":\"WebPage\",\"@id\":\"https:\/\/recavaca.com\/index.php\/2018\/06\/18\/presentation-des-missions-la-mje-aequum\/#webpage\",\"url\":\"https:\/\/recavaca.com\/index.php\/2018\/06\/18\/presentation-des-missions-la-mje-aequum\/\",\"name\":\"Pr\u00e9sentation des missions la MJE AEQUUM - Recavaca\",\"isPartOf\":{\"@id\":\"https:\/\/recavaca.com\/#website\"},\"primaryImageOfPage\":{\"@id\":\"https:\/\/recavaca.com\/index.php\/2018\/06\/18\/presentation-des-missions-la-mje-aequum\/#primaryimage\"},\"datePublished\":\"2018-06-18T14:28:21+00:00\",\"dateModified\":\"2018-06-19T14:20:29+00:00\",\"author\":{\"@id\":\"https:\/\/recavaca.com\/#\/schema\/person\/1f0012c38048bfbe5f16cdec0c83942a\"},\"breadcrumb\":{\"@id\":\"https:\/\/recavaca.com\/index.php\/2018\/06\/18\/presentation-des-missions-la-mje-aequum\/#breadcrumb\"},\"inLanguage\":\"fr-FR\",\"potentialAction\":[{\"@type\":\"ReadAction\",\"target\":[\"https:\/\/recavaca.com\/index.php\/2018\/06\/18\/presentation-des-missions-la-mje-aequum\/\"]}]},{\"@type\":\"BreadcrumbList\",\"@id\":\"https:\/\/recavaca.com\/index.php\/2018\/06\/18\/presentation-des-missions-la-mje-aequum\/#breadcrumb\",\"itemListElement\":[{\"@type\":\"ListItem\",\"position\":1,\"name\":\"Accueil\",\"item\":\"https:\/\/recavaca.com\/\"},{\"@type\":\"ListItem\",\"position\":2,\"name\":\"Pr\u00e9sentation des missions la MJE AEQUUM\"}]},{\"@type\":\"Person\",\"@id\":\"https:\/\/recavaca.com\/#\/schema\/person\/1f0012c38048bfbe5f16cdec0c83942a\",\"name\":\"Adrien S.\",\"image\":{\"@type\":\"ImageObject\",\"@id\":\"https:\/\/recavaca.com\/#personlogo\",\"inLanguage\":\"fr-FR\",\"url\":\"https:\/\/secure.gravatar.com\/avatar\/33af7464277703897e1a84aa5ec49729?s=96&d=mm&r=g\",\"contentUrl\":\"https:\/\/secure.gravatar.com\/avatar\/33af7464277703897e1a84aa5ec49729?s=96&d=mm&r=g\",\"caption\":\"Adrien S.\"}}]}<\/script>\n<!-- \/ Yoast SEO plugin. -->","yoast_head_json":{"title":"Pr\u00e9sentation des missions la MJE AEQUUM - Recavaca","robots":{"index":"index","follow":"follow","max-snippet":"max-snippet:-1","max-image-preview":"max-image-preview:large","max-video-preview":"max-video-preview:-1"},"canonical":"https:\/\/recavaca.com\/index.php\/2018\/06\/18\/presentation-des-missions-la-mje-aequum\/","og_locale":"fr_FR","og_type":"article","og_title":"Pr\u00e9sentation des missions la MJE AEQUUM - Recavaca","og_description":"Ce mercredi 13 Juin 2018 a eu lieu la r\u00e9union de pr\u00e9sentation de deux nouveaux arrivants sur le projet RECAVACA. L\u00e9onard Normand, en service civique \u00e0 l\u2019association AGED, ainsi qu\u2019un groupe de trois \u00e9tudiants de l\u2019ISTOM, l\u2019\u00e9cole sup\u00e9rieure d&rsquo;agro-d\u00e9veloppement international.","og_url":"https:\/\/recavaca.com\/index.php\/2018\/06\/18\/presentation-des-missions-la-mje-aequum\/","og_site_name":"Recavaca","article_publisher":"https:\/\/www.facebook.com\/guadeloupeequitableetdurable\/","article_published_time":"2018-06-18T14:28:21+00:00","article_modified_time":"2018-06-19T14:20:29+00:00","og_image":[{"url":"https:\/\/recavaca.com\/wp-content\/uploads\/2018\/06\/0-150x150.jpg"}],"twitter_card":"summary_large_image","twitter_misc":{"\u00c9crit par":"Adrien S.","Dur\u00e9e de lecture estim\u00e9e":"4 minutes"},"schema":{"@context":"https:\/\/schema.org","@graph":[{"@type":"WebSite","@id":"https:\/\/recavaca.com\/#website","url":"https:\/\/recavaca.com\/","name":"Recavaca","description":"R\u00e9seau Carib\u00e9en pour la Valorisation du Cacao","potentialAction":[{"@type":"SearchAction","target":{"@type":"EntryPoint","urlTemplate":"https:\/\/recavaca.com\/?s={search_term_string}"},"query-input":"required name=search_term_string"}],"inLanguage":"fr-FR"},{"@type":"ImageObject","@id":"https:\/\/recavaca.com\/index.php\/2018\/06\/18\/presentation-des-missions-la-mje-aequum\/#primaryimage","inLanguage":"fr-FR","url":"https:\/\/i0.wp.com\/recavaca.com\/wp-content\/uploads\/2018\/06\/0.jpg?fit=400%2C400&ssl=1","contentUrl":"https:\/\/i0.wp.com\/recavaca.com\/wp-content\/uploads\/2018\/06\/0.jpg?fit=400%2C400&ssl=1","width":400,"height":400},{"@type":"WebPage","@id":"https:\/\/recavaca.com\/index.php\/2018\/06\/18\/presentation-des-missions-la-mje-aequum\/#webpage","url":"https:\/\/recavaca.com\/index.php\/2018\/06\/18\/presentation-des-missions-la-mje-aequum\/","name":"Pr\u00e9sentation des missions la MJE AEQUUM - Recavaca","isPartOf":{"@id":"https:\/\/recavaca.com\/#website"},"primaryImageOfPage":{"@id":"https:\/\/recavaca.com\/index.php\/2018\/06\/18\/presentation-des-missions-la-mje-aequum\/#primaryimage"},"datePublished":"2018-06-18T14:28:21+00:00","dateModified":"2018-06-19T14:20:29+00:00","author":{"@id":"https:\/\/recavaca.com\/#\/schema\/person\/1f0012c38048bfbe5f16cdec0c83942a"},"breadcrumb":{"@id":"https:\/\/recavaca.com\/index.php\/2018\/06\/18\/presentation-des-missions-la-mje-aequum\/#breadcrumb"},"inLanguage":"fr-FR","potentialAction":[{"@type":"ReadAction","target":["https:\/\/recavaca.com\/index.php\/2018\/06\/18\/presentation-des-missions-la-mje-aequum\/"]}]},{"@type":"BreadcrumbList","@id":"https:\/\/recavaca.com\/index.php\/2018\/06\/18\/presentation-des-missions-la-mje-aequum\/#breadcrumb","itemListElement":[{"@type":"ListItem","position":1,"name":"Accueil","item":"https:\/\/recavaca.com\/"},{"@type":"ListItem","position":2,"name":"Pr\u00e9sentation des missions la MJE AEQUUM"}]},{"@type":"Person","@id":"https:\/\/recavaca.com\/#\/schema\/person\/1f0012c38048bfbe5f16cdec0c83942a","name":"Adrien S.","image":{"@type":"ImageObject","@id":"https:\/\/recavaca.com\/#personlogo","inLanguage":"fr-FR","url":"https:\/\/secure.gravatar.com\/avatar\/33af7464277703897e1a84aa5ec49729?s=96&d=mm&r=g","contentUrl":"https:\/\/secure.gravatar.com\/avatar\/33af7464277703897e1a84aa5ec49729?s=96&d=mm&r=g","caption":"Adrien S."}}]}},"jetpack_featured_media_url":"","jetpack_publicize_connections":[],"jetpack_sharing_enabled":true,"jetpack_shortlink":"https:\/\/wp.me\/p9QgSb-mu","jetpack-related-posts":[{"id":1452,"url":"https:\/\/recavaca.com\/index.php\/2018\/10\/19\/du-nouveau-pour-recavaca\/","url_meta":{"origin":1394,"position":0},"title":"Du nouveau pour RECAVACA","date":"19 octobre 2018","format":false,"excerpt":"En ce mois d\u2019octobre 2018, plusieurs \u00e9v\u00e8nements font l\u2019actualit\u00e9 du projet RECAVACA. Ce mercredi 17, le VSC L\u00e9onard Normand engag\u00e9 par l'AGED a pr\u00e9sent\u00e9 les r\u00e9sultats de son \u00e9tude d\u2019une dur\u00e9e de 2 mois \u00ab\u00a0\u00e0 la rencontre des producteurs de cacao en Guadeloupe\u00a0\u00bb o\u00f9 il a visit\u00e9 33 producteurs et\u2026","rel":"","context":"Dans &quot;Rapport&quot;","img":{"alt_text":"","src":"https:\/\/i0.wp.com\/recavaca.com\/wp-content\/uploads\/2018\/10\/Sans-titre.png?fit=675%2C532&ssl=1&resize=350%2C200","width":350,"height":200},"classes":[]},{"id":1464,"url":"https:\/\/recavaca.com\/index.php\/2018\/11\/13\/rapport-jeunes-experts-istom-etude-de-la-filiere-cacao-guadeloupeenne\/","url_meta":{"origin":1394,"position":1},"title":"Rapport Jeunes experts ISTOM &#8211; ETUDE DE LA FILIE\u0300RE CACAO GUADELOUPE\u0301ENNE","date":"13 novembre 2018","format":false,"excerpt":"Comment p\u00e9renniser la dynamique naissante des acteurs de la fili\u00e8re cacao dans la perspective d\u2019une valorisation ? Trois \u00e9tudiants de la Mission Jeunes Experts de l\u2019ISTOM \u00e9taient en mission aupr\u00e8s de l\u2019AGED du 6 juin au 23 juillet 2018 afin de r\u00e9aliser une \u00e9tude sur les formes de valorisation possible\u2026","rel":"","context":"Dans &quot;Cacao&quot;","img":{"alt_text":"","src":"https:\/\/i0.wp.com\/recavaca.com\/wp-content\/uploads\/2018\/11\/45480491_10156571158920482_7315410588874571776_o.jpg?fit=1200%2C800&ssl=1&resize=350%2C200","width":350,"height":200},"classes":[]},{"id":1530,"url":"https:\/\/recavaca.com\/index.php\/2019\/12\/09\/la-journee-du-cacao-caribeen\/","url_meta":{"origin":1394,"position":2},"title":"La journ\u00e9e du Cacao Carib\u00e9en !","date":"9 d\u00e9cembre 2019","format":false,"excerpt":"C\u2019est avec un immense plaisir que l\u2019Association Guadeloupe Equitable et Durable\u00a0vous annonce la tenue de la\u00a0Journ\u00e9e du Cacao Carib\u00e9en, organis\u00e9e avec l\u2019appui de l\u2019Association of European Border Regions (AEBR), et de nos jeunes volontaires Interreg. La\u00a0Journ\u00e9e du cacao\u00a0sera organis\u00e9e dans le cadre du projet Interreg de\u00a0R\u00e9seau Carib\u00e9en de Valorisation du\u2026","rel":"","context":"Dans &quot;Non class\u00e9&quot;","img":{"alt_text":"","src":"https:\/\/i0.wp.com\/recavaca.com\/wp-content\/uploads\/2019\/12\/Flyer-Journ\u00c3\u00a9e-Cacao-211x300.png?resize=350%2C200&ssl=1","width":350,"height":200},"classes":[]},{"id":1513,"url":"https:\/\/recavaca.com\/index.php\/2019\/11\/14\/la-chocolaterie-chocobio-accueille-laged-pour-une-formation\/","url_meta":{"origin":1394,"position":3},"title":"La chocolaterie ChocoBio accueille l\u2019AGED pour une formation","date":"14 novembre 2019","format":false,"excerpt":"Dans le cadre du projet RECAVACA, Betty Vainqueur et Naromie Myrtil\u00a0de l\u2019AGED sont parties \u00e0 la rencontre de la chocolati\u00e8re Corinne Maeght pour suivre une formation autour de la transformation des f\u00e8ves s\u00e9ch\u00e9es en chocolat dans le d\u00e9partement du Gard. Un partenariat cl\u00e9 Corinne Maeght fait partie des rares artisans\u2026","rel":"","context":"Dans &quot;Non class\u00e9&quot;","img":{"alt_text":"","src":"https:\/\/i0.wp.com\/recavaca.com\/wp-content\/uploads\/2019\/11\/682250907_IMG_7402_40460.jpg?resize=350%2C200&ssl=1","width":350,"height":200},"classes":[]},{"id":1503,"url":"https:\/\/recavaca.com\/index.php\/2019\/05\/08\/propager-les-cacaoyers-les-plus-interessants-par-la-technique-du-greffage\/","url_meta":{"origin":1394,"position":4},"title":"Propager les cacaoyers les plus int\u00e9ressants par la technique du greffage","date":"8 mai 2019","format":false,"excerpt":"Dans le cadre du projet RECAVACA, des analyses g\u00e9n\u00e9tiques des cacaoyers de Guadeloupe ont \u00e9t\u00e9 r\u00e9alis\u00e9es suite \u00e0 deux missions de terrain de pr\u00e9l\u00e8vement des feuilles de cacaoyers men\u00e9es par l'expert du CIRAD, Christian CILAS, en novembre et en avril 2018. Objectifs et r\u00e9sultats de la mission du CIRAD Effectivement,\u2026","rel":"","context":"Dans &quot;Non class\u00e9&quot;","img":{"alt_text":"","src":"https:\/\/i0.wp.com\/recavaca.com\/wp-content\/uploads\/2019\/05\/52501618_239656633651527_3819820969623552000_n.jpg?fit=1052%2C780&ssl=1&resize=350%2C200","width":350,"height":200},"classes":[]},{"id":1481,"url":"https:\/\/recavaca.com\/index.php\/2018\/11\/30\/restitution-des-resultats-des-analyses-genetiques-du-cacao-de-guadeloupe\/","url_meta":{"origin":1394,"position":5},"title":"Restitution des r\u00e9sultats des analyses g\u00e9n\u00e9tiques du cacao de Guadeloupe","date":"30 novembre 2018","format":false,"excerpt":"La premi\u00e8re \u00e9tape des analyses a consist\u00e9 \u00e0 prospecter et \u00e0 pr\u00e9lever des feuilles de cacaoyers, ce qui a \u00e9t\u00e9 r\u00e9alis\u00e9 en avril dernier par C. CILAS. Les coordonn\u00e9es GPS\u00a0des arbres sont ensuite identifi\u00e9es afin de pouvoir localiser leur emplacement ; puis les \u00e9chantillons sont marqu\u00e9s. L\u2019ADN des feuilles est\u2026","rel":"","context":"Dans &quot;Non class\u00e9&quot;","img":{"alt_text":"","src":"https:\/\/i0.wp.com\/recavaca.com\/wp-content\/uploads\/2018\/11\/Capture-d\u2019e\u0301cran-2018-11-30-a\u0300-11.36.32.png?fit=884%2C603&ssl=1&resize=350%2C200","width":350,"height":200},"classes":[]}],"_links":{"self":[{"href":"https:\/\/recavaca.com\/index.php\/wp-json\/wp\/v2\/posts\/1394"}],"collection":[{"href":"https:\/\/recavaca.com\/index.php\/wp-json\/wp\/v2\/posts"}],"about":[{"href":"https:\/\/recavaca.com\/index.php\/wp-json\/wp\/v2\/types\/post"}],"author":[{"embeddable":true,"href":"https:\/\/recavaca.com\/index.php\/wp-json\/wp\/v2\/users\/3"}],"replies":[{"embeddable":true,"href":"https:\/\/recavaca.com\/index.php\/wp-json\/wp\/v2\/comments?post=1394"}],"version-history":[{"count":11,"href":"https:\/\/recavaca.com\/index.php\/wp-json\/wp\/v2\/posts\/1394\/revisions"}],"predecessor-version":[{"id":1439,"href":"https:\/\/recavaca.com\/index.php\/wp-json\/wp\/v2\/posts\/1394\/revisions\/1439"}],"wp:attachment":[{"href":"https:\/\/recavaca.com\/index.php\/wp-json\/wp\/v2\/media?parent=1394"}],"wp:term":[{"taxonomy":"category","embeddable":true,"href":"https:\/\/recavaca.com\/index.php\/wp-json\/wp\/v2\/categories?post=1394"},{"taxonomy":"post_tag","embeddable":true,"href":"https:\/\/recavaca.com\/index.php\/wp-json\/wp\/v2\/tags?post=1394"}],"curies":[{"name":"wp","href":"https:\/\/api.w.org\/{rel}","templated":true}]}}